{"id":912,"date":"2018-04-10T17:45:29","date_gmt":"2018-04-10T15:45:29","guid":{"rendered":"http:\/\/wp.internist-ab.de\/?p=912"},"modified":"2023-04-18T18:24:43","modified_gmt":"2023-04-18T16:24:43","slug":"einwilligung-zur-datenverarbeitung-gemaess-eu-datenschutzgrundverordnung-und-zur-erhebung-uebermittlung-von-patientendaten-gem-%c2%a7-73-abs-1-b-sgb-v","status":"publish","type":"post","link":"https:\/\/wp.internist-ab.de\/?p=912","title":{"rendered":"Einwilligung zur Datenverarbeitung und zur Erhebung\/\u00dcbermittlung von Patientendaten"},"content":{"rendered":"<p><span style=\"color: #000000;\">Die <\/span><a href=\"https:\/\/dsgvo-gesetz.de\/\" target=\"_blank\" rel=\"noopener\"><strong>EU-DSGVO<\/strong><\/a> <span style=\"color: #000000;\">und das<\/span><a href=\"https:\/\/www.gesetze-im-internet.de\/bdsg_2018\/BJNR209710017.html\" target=\"_blank\" rel=\"noopener\"><strong> Bundesdatenschutzgesetz<\/strong><\/a> <span style=\"color: #000000;\">verpflichten uns, von jedem Patienten die Unterzeichnung einer Erkl\u00e4rung zur\u00a0<em>Einwilligung zur Datenverarbeitung gem\u00e4\u00df EU-Datenschutzgrundverordnung und zur Erhebung\/\u00dcbermittlung von Patientendaten gem. \u00a7 73 Abs. 1 b SGB V einzuholen.\u00a0<\/em><\/span><\/p>\n<p><span style=\"color: #000000;\">Die Datenverarbeitung erfolgt aufgrund gesetzlicher Vorgaben, um den Behandlungsvertrag zwischen Ihnen und Ihrem Arzt und die damit verbundenen Pflichten zu erf\u00fcllen. Hierzu verarbeiten wir Ihre personenbezogenen Daten, insbesondere Ihre Gesundheitsdaten. Dazu z\u00e4hlen Anamnesen, Diagnosen, Therapievorschl\u00e4ge und Befunde, die wir oder andere \u00c4rzte erheben. Zu diesen Zwecken k\u00f6nnen uns auch andere \u00c4rzte oder Psychotherapeuten, bei denen Sie in Behandlung sind, Daten zur Verf\u00fcgung stellen (z.B. in Arztbriefen). Wenn Sie mit einer \u00dcberweisung von einem anderen Arzt zu uns kommen, ben\u00f6tigen wir gleichfalls Ihre Einwilligung, um Ihrem Hausarzt unsere Befunde mitzuteilen.<\/span><\/p>\n<p><span style=\"color: #000000;\">Die Erhebung von Gesundheitsdaten ist Voraussetzung f\u00fcr Ihre Behandlung. Werden die notwendigen Informationen nicht bereitgestellt, kann eine sorgf\u00e4ltige Behandlung nicht erfolgen.<br \/>\n<\/span><\/p>\n<p><span style=\"color: #000000;\">Ferner ben\u00f6tigen wir Ihr ausdr\u00fcckliches Einverst\u00e4ndnis, falls Sie per eMail mit uns kommunizieren m\u00f6chten.<\/span><\/p>\n<p><span style=\"color: #000000;\">Sie k\u00f6nnen die Formulare f\u00fcr beide Erkl\u00e4rungen <a href=\"https:\/\/wp.internist-ab.de\/?ddownload=1754\"><strong>hier<\/strong><\/a> herunterladen und nach Durchlesen in Ruhe zuhause ausf\u00fcllen und uns mitbringen.<\/span><\/p>\n<p>&nbsp;<\/p>\n<p>&nbsp;<\/p>\n","protected":false},"excerpt":{"rendered":"<p>Die EU-DSGVO und das Bundesdatenschutzgesetz verpflichten uns, von jedem Patienten die Unterzeichnung einer Erkl\u00e4rung zur\u00a0Einwilligung zur Datenverarbeitung gem\u00e4\u00df EU-Datenschutzgrundverordnung und zur Erhebung\/\u00dcbermittlung von Patientendaten gem. \u00a7 73 Abs. 1 b SGB V einzuholen.\u00a0 Die Datenverarbeitung erfolgt aufgrund gesetzlicher Vorgaben, um<\/p>\n","protected":false},"author":1,"featured_media":0,"comment_status":"closed","ping_status":"closed","sticky":false,"template":"","format":"standard","meta":{"footnotes":""},"categories":[1],"tags":[120,119,117,114,96,116,109,115,110,118],"class_list":["post-912","post","type-post","status-publish","format-standard","hentry","category-allgemeines","tag-arztbrief","tag-befundmitteilung","tag-behandlungsvertrag","tag-bundesdatenschutzgesetz","tag-datenschutz","tag-datenverarbeitung","tag-dsgvo","tag-einwilligung","tag-eu-dsgvo","tag-ueberweisung"],"_links":{"self":[{"href":"https:\/\/wp.internist-ab.de\/index.php?rest_route=\/wp\/v2\/posts\/912","targetHints":{"allow":["GET"]}}],"collection":[{"href":"https:\/\/wp.internist-ab.de\/index.php?rest_route=\/wp\/v2\/posts"}],"about":[{"href":"https:\/\/wp.internist-ab.de\/index.php?rest_route=\/wp\/v2\/types\/post"}],"author":[{"embeddable":true,"href":"https:\/\/wp.internist-ab.de\/index.php?rest_route=\/wp\/v2\/users\/1"}],"replies":[{"embeddable":true,"href":"https:\/\/wp.internist-ab.de\/index.php?rest_route=%2Fwp%2Fv2%2Fcomments&post=912"}],"version-history":[{"count":16,"href":"https:\/\/wp.internist-ab.de\/index.php?rest_route=\/wp\/v2\/posts\/912\/revisions"}],"predecessor-version":[{"id":1756,"href":"https:\/\/wp.internist-ab.de\/index.php?rest_route=\/wp\/v2\/posts\/912\/revisions\/1756"}],"wp:attachment":[{"href":"https:\/\/wp.internist-ab.de\/index.php?rest_route=%2Fwp%2Fv2%2Fmedia&parent=912"}],"wp:term":[{"taxonomy":"category","embeddable":true,"href":"https:\/\/wp.internist-ab.de\/index.php?rest_route=%2Fwp%2Fv2%2Fcategories&post=912"},{"taxonomy":"post_tag","embeddable":true,"href":"https:\/\/wp.internist-ab.de\/index.php?rest_route=%2Fwp%2Fv2%2Ftags&post=912"}],"curies":[{"name":"wp","href":"https:\/\/api.w.org\/{rel}","templated":true}]}}