{"id":857,"date":"2018-04-08T18:56:04","date_gmt":"2018-04-08T16:56:04","guid":{"rendered":"http:\/\/wp.internist-ab.de\/?p=857"},"modified":"2018-04-08T19:04:25","modified_gmt":"2018-04-08T17:04:25","slug":"datenschutz","status":"publish","type":"post","link":"https:\/\/wp.internist-ab.de\/?p=857","title":{"rendered":"Datenschutz"},"content":{"rendered":"<p>Wir haben unsere Datenschutzrichtlinie neu ausformuliert. Am Grundprinzip hat sich gar nichts ge\u00e4ndert, weil das Thema Datenschutz f\u00fcr uns schon immer oberste Priorit\u00e4t genossen hat. Aber die neue <a href=\"https:\/\/dsgvo-gesetz.de\/\" target=\"_blank\" rel=\"noopener\">Europ\u00e4ische Datenschutzverordnung<\/a> fordert eine intensive Aufkl\u00e4rung unserer Patienten mit bestimmten Informationen, Formulierungen und Hinweise, denen wir <a href=\"https:\/\/wp.internist-ab.de\/?page_id=37\">hier<\/a> gerecht werden.<\/p>\n<p>Selbstverst\u00e4ndlich haben wir auch alle anderen Forderungen der neuen Datenschutzverordnung bereits umgesetzt.\u00a0 Das Bayerische Landesamt f\u00fcr Datenschutzaufsicht in Ansbach hat uns attestiert, da\u00df wir als eher kleinere Praxis nicht verpflichtet sind, einen Datenschutzbeauftragten zu bestellen. Dennoch k\u00f6nnen Sie sicher sein, da\u00df Ihre personen- und gesundheitsbezogenen Daten allergr\u00f6ssten Schutz geniessen und bei uns in sicheren H\u00e4nden sind.<\/p>\n<p>&nbsp;<\/p>\n","protected":false},"excerpt":{"rendered":"<p>Wir haben unsere Datenschutzrichtlinie neu ausformuliert. Am Grundprinzip hat sich gar nichts ge\u00e4ndert, weil das Thema Datenschutz f\u00fcr uns schon immer oberste Priorit\u00e4t genossen hat. Aber die neue Europ\u00e4ische Datenschutzverordnung fordert eine intensive Aufkl\u00e4rung unserer Patienten mit bestimmten Informationen, Formulierungen<\/p>\n","protected":false},"author":1,"featured_media":0,"comment_status":"closed","ping_status":"closed","sticky":false,"template":"","format":"standard","meta":{"footnotes":""},"categories":[1],"tags":[96,109,110],"class_list":["post-857","post","type-post","status-publish","format-standard","hentry","category-allgemeines","tag-datenschutz","tag-dsgvo","tag-eu-dsgvo"],"_links":{"self":[{"href":"https:\/\/wp.internist-ab.de\/index.php?rest_route=\/wp\/v2\/posts\/857","targetHints":{"allow":["GET"]}}],"collection":[{"href":"https:\/\/wp.internist-ab.de\/index.php?rest_route=\/wp\/v2\/posts"}],"about":[{"href":"https:\/\/wp.internist-ab.de\/index.php?rest_route=\/wp\/v2\/types\/post"}],"author":[{"embeddable":true,"href":"https:\/\/wp.internist-ab.de\/index.php?rest_route=\/wp\/v2\/users\/1"}],"replies":[{"embeddable":true,"href":"https:\/\/wp.internist-ab.de\/index.php?rest_route=%2Fwp%2Fv2%2Fcomments&post=857"}],"version-history":[{"count":7,"href":"https:\/\/wp.internist-ab.de\/index.php?rest_route=\/wp\/v2\/posts\/857\/revisions"}],"predecessor-version":[{"id":864,"href":"https:\/\/wp.internist-ab.de\/index.php?rest_route=\/wp\/v2\/posts\/857\/revisions\/864"}],"wp:attachment":[{"href":"https:\/\/wp.internist-ab.de\/index.php?rest_route=%2Fwp%2Fv2%2Fmedia&parent=857"}],"wp:term":[{"taxonomy":"category","embeddable":true,"href":"https:\/\/wp.internist-ab.de\/index.php?rest_route=%2Fwp%2Fv2%2Fcategories&post=857"},{"taxonomy":"post_tag","embeddable":true,"href":"https:\/\/wp.internist-ab.de\/index.php?rest_route=%2Fwp%2Fv2%2Ftags&post=857"}],"curies":[{"name":"wp","href":"https:\/\/api.w.org\/{rel}","templated":true}]}}