{"id":828,"date":"2018-03-08T12:50:21","date_gmt":"2018-03-08T11:50:21","guid":{"rendered":"http:\/\/wp.internist-ab.de\/?p=828"},"modified":"2018-04-10T17:17:44","modified_gmt":"2018-04-10T15:17:44","slug":"unsere-facebook-seite-wird-geloescht","status":"publish","type":"post","link":"https:\/\/wp.internist-ab.de\/?p=828","title":{"rendered":"Facebook-Seite gel\u00f6scht"},"content":{"rendered":"<p>Wir hatten seit einigen Jahren eine Pr\u00e4senz bei Facebook. Wir sind mit der Datensammelpraxis von Facebook nicht einverstanden und haben unsere Facebookseite deshalb gel\u00f6scht.<\/p>\n<p>Unsere regul\u00e4re Praxiswebsite bleibt davon selbstverst\u00e4ndlich unber\u00fchrt und wird weiterhin gepflegt.<\/p>\n","protected":false},"excerpt":{"rendered":"<p>Wir hatten seit einigen Jahren eine Pr\u00e4senz bei Facebook. Wir sind mit der Datensammelpraxis von Facebook nicht einverstanden und haben unsere Facebookseite deshalb gel\u00f6scht. Unsere regul\u00e4re Praxiswebsite bleibt davon selbstverst\u00e4ndlich unber\u00fchrt und wird weiterhin gepflegt.<\/p>\n","protected":false},"author":1,"featured_media":0,"comment_status":"closed","ping_status":"closed","sticky":false,"template":"","format":"standard","meta":{"footnotes":""},"categories":[1],"tags":[96,108],"class_list":["post-828","post","type-post","status-publish","format-standard","hentry","category-allgemeines","tag-datenschutz","tag-facebook"],"_links":{"self":[{"href":"https:\/\/wp.internist-ab.de\/index.php?rest_route=\/wp\/v2\/posts\/828","targetHints":{"allow":["GET"]}}],"collection":[{"href":"https:\/\/wp.internist-ab.de\/index.php?rest_route=\/wp\/v2\/posts"}],"about":[{"href":"https:\/\/wp.internist-ab.de\/index.php?rest_route=\/wp\/v2\/types\/post"}],"author":[{"embeddable":true,"href":"https:\/\/wp.internist-ab.de\/index.php?rest_route=\/wp\/v2\/users\/1"}],"replies":[{"embeddable":true,"href":"https:\/\/wp.internist-ab.de\/index.php?rest_route=%2Fwp%2Fv2%2Fcomments&post=828"}],"version-history":[{"count":4,"href":"https:\/\/wp.internist-ab.de\/index.php?rest_route=\/wp\/v2\/posts\/828\/revisions"}],"predecessor-version":[{"id":909,"href":"https:\/\/wp.internist-ab.de\/index.php?rest_route=\/wp\/v2\/posts\/828\/revisions\/909"}],"wp:attachment":[{"href":"https:\/\/wp.internist-ab.de\/index.php?rest_route=%2Fwp%2Fv2%2Fmedia&parent=828"}],"wp:term":[{"taxonomy":"category","embeddable":true,"href":"https:\/\/wp.internist-ab.de\/index.php?rest_route=%2Fwp%2Fv2%2Fcategories&post=828"},{"taxonomy":"post_tag","embeddable":true,"href":"https:\/\/wp.internist-ab.de\/index.php?rest_route=%2Fwp%2Fv2%2Ftags&post=828"}],"curies":[{"name":"wp","href":"https:\/\/api.w.org\/{rel}","templated":true}]}}