{"id":80,"date":"2013-07-25T19:53:36","date_gmt":"2013-07-25T17:53:36","guid":{"rendered":"http:\/\/wp.internist-ab.de\/?p=80"},"modified":"2013-07-25T19:53:36","modified_gmt":"2013-07-25T17:53:36","slug":"wissenswertes-zu-antibiotika","status":"publish","type":"post","link":"https:\/\/wp.internist-ab.de\/?p=80","title":{"rendered":"Wissenswertes zu Antibiotika"},"content":{"rendered":"<h3>Was sind Antibiotika?<\/h3>\n<p>Der Name leitet sich von den griechischen W\u00f6rtern \u1f00\u03bd\u03c4\u03af (anti= gegen) und \u03b2\u03af\u03bf\u03c2 (bios = Leben) ab. Damit ist auch schon sehr gut gesagt, wogegen diese sehr breit gestreute Substanzklasse wirkt &#8211; gegen lebende Organismen.\u00a0 Dazu z\u00e4hlen z.B. Bakterien &#8211; nicht aber Viren.<\/p>\n<p>Eine Erk\u00e4ltung, eine Bronchitis oder ein grippaler Infekt sind so gut wie niemals Grund f\u00fcr eine Antibiotikatherapie. Diese Erkrankungen sind durch Viren verursacht &#8211; und dagegen wirken Antibiotika nicht.<br \/>\n<span style=\"color: #000000;\">Hauptirrtum<\/span>: eine Erk\u00e4ltung oder Grippe heilt durch den Einsatz von Antibiotika <strong>NICHT<\/strong> schneller aus.<\/p>\n<p>Antibiotika d\u00fcrfen nur gezielt und bei klarer Indikation zum Einsatz kommen. Die Vielzahl resistenter und damit gef\u00e4hrlicher Keime ist dem ungezielten Einsatz von Antibiotika und dem gef\u00e4hrlich unkritischen Verordnungsverhalten zu verdanken.<\/p>\n","protected":false},"excerpt":{"rendered":"<p>Was sind Antibiotika? Der Name leitet sich von den griechischen W\u00f6rtern \u1f00\u03bd\u03c4\u03af (anti= gegen) und \u03b2\u03af\u03bf\u03c2 (bios = Leben) ab. Damit ist auch schon sehr gut gesagt, wogegen diese sehr breit gestreute Substanzklasse wirkt &#8211; gegen lebende Organismen.\u00a0 Dazu z\u00e4hlen<\/p>\n","protected":false},"author":1,"featured_media":0,"comment_status":"closed","ping_status":"closed","sticky":false,"template":"","format":"standard","meta":{"footnotes":""},"categories":[1],"tags":[],"class_list":["post-80","post","type-post","status-publish","format-standard","hentry","category-allgemeines"],"_links":{"self":[{"href":"https:\/\/wp.internist-ab.de\/index.php?rest_route=\/wp\/v2\/posts\/80","targetHints":{"allow":["GET"]}}],"collection":[{"href":"https:\/\/wp.internist-ab.de\/index.php?rest_route=\/wp\/v2\/posts"}],"about":[{"href":"https:\/\/wp.internist-ab.de\/index.php?rest_route=\/wp\/v2\/types\/post"}],"author":[{"embeddable":true,"href":"https:\/\/wp.internist-ab.de\/index.php?rest_route=\/wp\/v2\/users\/1"}],"replies":[{"embeddable":true,"href":"https:\/\/wp.internist-ab.de\/index.php?rest_route=%2Fwp%2Fv2%2Fcomments&post=80"}],"version-history":[{"count":1,"href":"https:\/\/wp.internist-ab.de\/index.php?rest_route=\/wp\/v2\/posts\/80\/revisions"}],"predecessor-version":[{"id":81,"href":"https:\/\/wp.internist-ab.de\/index.php?rest_route=\/wp\/v2\/posts\/80\/revisions\/81"}],"wp:attachment":[{"href":"https:\/\/wp.internist-ab.de\/index.php?rest_route=%2Fwp%2Fv2%2Fmedia&parent=80"}],"wp:term":[{"taxonomy":"category","embeddable":true,"href":"https:\/\/wp.internist-ab.de\/index.php?rest_route=%2Fwp%2Fv2%2Fcategories&post=80"},{"taxonomy":"post_tag","embeddable":true,"href":"https:\/\/wp.internist-ab.de\/index.php?rest_route=%2Fwp%2Fv2%2Ftags&post=80"}],"curies":[{"name":"wp","href":"https:\/\/api.w.org\/{rel}","templated":true}]}}