{"id":761,"date":"2018-01-06T17:50:55","date_gmt":"2018-01-06T16:50:55","guid":{"rendered":"http:\/\/wp.internist-ab.de\/?p=761"},"modified":"2018-01-07T16:08:46","modified_gmt":"2018-01-07T15:08:46","slug":"ausblick-2018","status":"publish","type":"post","link":"https:\/\/wp.internist-ab.de\/?p=761","title":{"rendered":"Ausblick 2018"},"content":{"rendered":"<p>Es tut sich einiges. Das Jahr 2018 bringt f\u00fcr uns als Praxis ebenso wie f\u00fcr Sie als Patienten einige Neuerungen, die durchaus mit erheblichen Ver\u00e4nderungen einhergehen werden.<\/p>\n<p>Die wesentlichsten Punkte dabei sind:<\/p>\n<p style=\"padding-left: 30px;\">1.<br \/>\nDie zwangsweise Einf\u00fchrung der Telematik-Infrastruktur in den Praxen, um die auch wir &#8211; ebenso wie alle Arztpraxen im gesamten Land &#8211; nicht herumkommen werden. Obwohl wir das f\u00fcr teuren, v\u00f6llig \u00fcberfl\u00fcssigen und gef\u00e4hrlichen Unsinn halten &#8230;\u00a0 <a href=\"https:\/\/wp.internist-ab.de\/?p=665\" target=\"_blank\" rel=\"noopener\">mehr Informationen dazu gibt es hier.<\/a><br \/>\nAn der Risikoeinsch\u00e4tzung des Konzepts hat sich nichts ge\u00e4ndert, ganz im Gegenteil: durch die aktuell bekannt gewordenen Computerchipanf\u00e4lligkeit f\u00fcr Hackerangriffe (<a href=\"http:\/\/www.zeit.de\/digital\/internet\/2018-01\/meltdown-sprectre-prozessoren-sicherheitsluecke-intel-smartphone-computer-datensicherheit-hacking\" target=\"_blank\" rel=\"noopener\">Meltdown und Spectre<\/a>) wird die Unsicherheit des Verfahrens nochmals hochgradig versch\u00e4rft und ist aus der Sicht vieler Experten datenschutzrechtlich nicht vertretbar, auch wenn die Bef\u00fcrworter vom <a href=\"https:\/\/www.gematik.de\/telematikinfrastruktur\/\" target=\"_blank\" rel=\"noopener\">&#8222;sichersten System aller Zeiten&#8220;<\/a> sprechen.<br \/>\nDie aktuelle Gesetzeslage zwingt derzeit alle Praxen in Deutschland zur Umsetzung des Konzeptes bis Ende 2018. Mal abwarten, was sich bis dahin noch alles tut. Unsere Praxis ist auf jeden Fall nicht bei den ersten dabei, die sich auf diesen Irrsinn einlassen werden.<\/p>\n<p style=\"padding-left: 30px;\">2.<br \/>\nDie Umstellung des bisherigen Bereitschaftsdienstkonzepts ab Ende Februar, das f\u00fcr uns \u00c4rzte Zwangsdienst in Bereitschaftsdienstpraxen unter rechtlich v\u00f6llig ungekl\u00e4rten Bedingungen bedeutet und f\u00fcr Sie ein Wegfallen des bisherigen gut funktionierenden regional basierten \u00e4rztlichen Bereitschaftsdienstes.<br \/>\nEs wird drei Bereitschaftsdienstpraxen mit festen Dienstzeiten geben, die\u00a0 an den Krankenh\u00e4usern Aschaffenburg, Erlenbach und Lohr angesiedelt sind.<br \/>\nDer Fahrdienst f\u00fcr medizinisch notwendige Hausbesuche wird tags\u00fcber von drei \u00c4rzten mit Fahrern, nachts von einem\u00a0 Arzt besorgt, der alleine f\u00fcr fast eine halbe Million Menschen zust\u00e4ndig ist. Das entsprechende Dienstgebiet ist massiv ausgedehnt worden:<\/p>\n<p style=\"padding-left: 30px;\"><a href=\"https:\/\/wp.internist-ab.de\/wp-content\/uploads\/2018\/01\/dienstbereich_2018.jpg\"><img loading=\"lazy\" decoding=\"async\" class=\"alignleft wp-image-764 size-medium\" src=\"https:\/\/wp.internist-ab.de\/wp-content\/uploads\/2018\/01\/dienstbereich_2018-300x218.jpg\" alt=\"\" width=\"300\" height=\"218\" srcset=\"https:\/\/wp.internist-ab.de\/wp-content\/uploads\/2018\/01\/dienstbereich_2018-300x218.jpg 300w, https:\/\/wp.internist-ab.de\/wp-content\/uploads\/2018\/01\/dienstbereich_2018-768x559.jpg 768w, https:\/\/wp.internist-ab.de\/wp-content\/uploads\/2018\/01\/dienstbereich_2018.jpg 1024w\" sizes=\"auto, (max-width: 300px) 100vw, 300px\" \/><\/a><br \/>\nWie es ab Ende Februar konkret funktionieren soll, steht <a href=\"https:\/\/aerztegenossenschaft.wordpress.com\/2017\/07\/15\/neues-zum-thema-bereitschaftsdienstreform\/\" target=\"_blank\" rel=\"noopener\">hier.<\/a><\/p>\n<p>&nbsp;<\/p>\n<p>&nbsp;<\/p>\n<p>&nbsp;<\/p>\n<p>&nbsp;<\/p>\n<p>&nbsp;<\/p>\n<p style=\"padding-left: 30px;\">3.<br \/>\nDie m\u00f6gliche Einf\u00fchrung der sog. B\u00fcrgerversicherung, die von vielen gefordert wird und f\u00fcr ein Wundermittel f\u00fcr das Gesundheitssystem gehalten wird. Nun ja, wie das mit Wundermitteln halt so ist &#8230;<br \/>\nMehr Informationen dazu finden Sie <a href=\"https:\/\/freie-aerzteschaft.de\/pressemitteilung-vom-04-01-2018\/\" target=\"_blank\" rel=\"noopener\">hier<\/a>.<\/p>\n<p>&nbsp;<\/p>\n<p style=\"padding-left: 30px;\">Egal, was da so alles auf Sie und uns zukommt: wir tun im Rahmen unserer M\u00f6glichkeiten weiterhin alles, damit Sie im Krankheitsfall schnell wieder gesund werden und im Idealfall gar nicht erst krank werden.<\/p>\n","protected":false},"excerpt":{"rendered":"<p>Es tut sich einiges. Das Jahr 2018 bringt f\u00fcr uns als Praxis ebenso wie f\u00fcr Sie als Patienten einige Neuerungen, die durchaus mit erheblichen Ver\u00e4nderungen einhergehen werden. Die wesentlichsten Punkte dabei sind: 1. Die zwangsweise Einf\u00fchrung der Telematik-Infrastruktur in den<\/p>\n","protected":false},"author":1,"featured_media":0,"comment_status":"closed","ping_status":"closed","sticky":false,"template":"","format":"standard","meta":{"footnotes":""},"categories":[1],"tags":[],"class_list":["post-761","post","type-post","status-publish","format-standard","hentry","category-allgemeines"],"_links":{"self":[{"href":"https:\/\/wp.internist-ab.de\/index.php?rest_route=\/wp\/v2\/posts\/761","targetHints":{"allow":["GET"]}}],"collection":[{"href":"https:\/\/wp.internist-ab.de\/index.php?rest_route=\/wp\/v2\/posts"}],"about":[{"href":"https:\/\/wp.internist-ab.de\/index.php?rest_route=\/wp\/v2\/types\/post"}],"author":[{"embeddable":true,"href":"https:\/\/wp.internist-ab.de\/index.php?rest_route=\/wp\/v2\/users\/1"}],"replies":[{"embeddable":true,"href":"https:\/\/wp.internist-ab.de\/index.php?rest_route=%2Fwp%2Fv2%2Fcomments&post=761"}],"version-history":[{"count":15,"href":"https:\/\/wp.internist-ab.de\/index.php?rest_route=\/wp\/v2\/posts\/761\/revisions"}],"predecessor-version":[{"id":782,"href":"https:\/\/wp.internist-ab.de\/index.php?rest_route=\/wp\/v2\/posts\/761\/revisions\/782"}],"wp:attachment":[{"href":"https:\/\/wp.internist-ab.de\/index.php?rest_route=%2Fwp%2Fv2%2Fmedia&parent=761"}],"wp:term":[{"taxonomy":"category","embeddable":true,"href":"https:\/\/wp.internist-ab.de\/index.php?rest_route=%2Fwp%2Fv2%2Fcategories&post=761"},{"taxonomy":"post_tag","embeddable":true,"href":"https:\/\/wp.internist-ab.de\/index.php?rest_route=%2Fwp%2Fv2%2Ftags&post=761"}],"curies":[{"name":"wp","href":"https:\/\/api.w.org\/{rel}","templated":true}]}}