{"id":680,"date":"2017-09-04T07:32:22","date_gmt":"2017-09-04T05:32:22","guid":{"rendered":"http:\/\/wp.internist-ab.de\/?p=680"},"modified":"2017-09-04T07:34:35","modified_gmt":"2017-09-04T05:34:35","slug":"der-herbst-kommt","status":"publish","type":"post","link":"https:\/\/wp.internist-ab.de\/?p=680","title":{"rendered":"Der Herbst kommt"},"content":{"rendered":"<p>Die Sommerferien sind (fast) vorbei, das Praxisteam ist wieder da, und der Herbst steht vor der T\u00fcr.<\/p>\n<p>Zeit f\u00fcr Gesundheitsuntersuchungen, andere Vorsorgema\u00dfnahmen \u00a0&#8211; und nat\u00fcrlich auch f\u00fcr die \u00dcberpr\u00fcfung Ihres <a href=\"https:\/\/www.impfen-info.de\/impfpass\/\" target=\"_blank\" rel=\"noopener\">Impfschutzes<\/a>. Bringen Sie uns doch einfach Ihren Impfausweis vorbei; wir schauen nach, ob alles aktuell ist oder ob Impfungen f\u00e4llig sind.<\/p>\n<p>&nbsp;<\/p>\n","protected":false},"excerpt":{"rendered":"<p>Die Sommerferien sind (fast) vorbei, das Praxisteam ist wieder da, und der Herbst steht vor der T\u00fcr. Zeit f\u00fcr Gesundheitsuntersuchungen, andere Vorsorgema\u00dfnahmen \u00a0&#8211; und nat\u00fcrlich auch f\u00fcr die \u00dcberpr\u00fcfung Ihres Impfschutzes. Bringen Sie uns doch einfach Ihren Impfausweis vorbei; wir<\/p>\n","protected":false},"author":1,"featured_media":0,"comment_status":"closed","ping_status":"closed","sticky":false,"template":"","format":"standard","meta":{"footnotes":""},"categories":[1],"tags":[72,73,62,74,4,27,98,99,38,5,100,28,29,69,70],"class_list":["post-680","post","type-post","status-publish","format-standard","hentry","category-allgemeines","tag-checkup","tag-checkup-35","tag-gesundheit","tag-gesundheitsuntersuchung","tag-grippe","tag-grippeimpfung","tag-impfausweis","tag-impfpass","tag-impfschutz","tag-impfung","tag-impfungen","tag-influenza","tag-influenzaimpfung","tag-schutzimpfung","tag-vorsorge"],"_links":{"self":[{"href":"https:\/\/wp.internist-ab.de\/index.php?rest_route=\/wp\/v2\/posts\/680","targetHints":{"allow":["GET"]}}],"collection":[{"href":"https:\/\/wp.internist-ab.de\/index.php?rest_route=\/wp\/v2\/posts"}],"about":[{"href":"https:\/\/wp.internist-ab.de\/index.php?rest_route=\/wp\/v2\/types\/post"}],"author":[{"embeddable":true,"href":"https:\/\/wp.internist-ab.de\/index.php?rest_route=\/wp\/v2\/users\/1"}],"replies":[{"embeddable":true,"href":"https:\/\/wp.internist-ab.de\/index.php?rest_route=%2Fwp%2Fv2%2Fcomments&post=680"}],"version-history":[{"count":2,"href":"https:\/\/wp.internist-ab.de\/index.php?rest_route=\/wp\/v2\/posts\/680\/revisions"}],"predecessor-version":[{"id":682,"href":"https:\/\/wp.internist-ab.de\/index.php?rest_route=\/wp\/v2\/posts\/680\/revisions\/682"}],"wp:attachment":[{"href":"https:\/\/wp.internist-ab.de\/index.php?rest_route=%2Fwp%2Fv2%2Fmedia&parent=680"}],"wp:term":[{"taxonomy":"category","embeddable":true,"href":"https:\/\/wp.internist-ab.de\/index.php?rest_route=%2Fwp%2Fv2%2Fcategories&post=680"},{"taxonomy":"post_tag","embeddable":true,"href":"https:\/\/wp.internist-ab.de\/index.php?rest_route=%2Fwp%2Fv2%2Ftags&post=680"}],"curies":[{"name":"wp","href":"https:\/\/api.w.org\/{rel}","templated":true}]}}