{"id":538,"date":"2016-10-07T21:22:14","date_gmt":"2016-10-07T19:22:14","guid":{"rendered":"http:\/\/wp.internist-ab.de\/?p=538"},"modified":"2016-10-07T21:32:01","modified_gmt":"2016-10-07T19:32:01","slug":"impfung-gegen-influenza-2","status":"publish","type":"post","link":"https:\/\/wp.internist-ab.de\/?p=538","title":{"rendered":"Impfung gegen Influenza"},"content":{"rendered":"<p>Der Herbst kommt \u2013 Grippeimpfung nicht vergessen. Wichtig f\u00fcr alle, vom S\u00e4ugling bis zum Greis. Weshalb?<\/p>\n<ul>\n<li>Geimpfte erkranken nicht an Influenza<\/li>\n<li><span class=\"text_exposed_show\">Geimpfte stecken niemanden an<\/span><\/li>\n<li><span class=\"text_exposed_show\">Geimpfte k\u00f6nnen nicht als Wirt f\u00fcr eine m\u00f6glicherweise hochriskante Virusmutation dienen<\/span><\/li>\n<\/ul>\n<div class=\"text_exposed_show\">\n<p>Schweinegrippe, Vogelgrippe &#8211; bisher hat die Menschheit einfach Gl\u00fcck gehabt. Das kann aber auch ganz anders ausgehen (<a href=\"https:\/\/www.historisches-lexikon-bayerns.de\/Lexikon\/Spanische_Grippe,_1918\/19\" target=\"_blank\">1<\/a>, <a href=\"http:\/\/www.spiegel.de\/wissenschaft\/medizin\/spanische-grippe-erklaerung-fuer-verheerende-pandemie-von-1918-a-966720.html\" target=\"_blank\">2<\/a>). Sch\u00fctzen Sie bitte sich selbst und andere \u2013 lassen Sie sich impfen. Mehr Informationen gibt es <a href=\"https:\/\/www.impfen-info.de\/grippeimpfung\/fragen-und-antworten\/\" target=\"_blank\">hier<\/a> und <a href=\"https:\/\/wp.internist-ab.de\/?page_id=53\" target=\"_blank\">hier<\/a>.<\/p>\n<p>Individuelle Unvertr\u00e4glichkeiten kann man niemals ausschliessen, der inaktivierte Impfstoff ist jedoch durchweg gut vertr\u00e4glich und verursacht keine Folgeerkrankungen. Der Satz &#8222;Nach der impfung bin ich erst richtig krank geworden.&#8220; ist dem Reich der Mythen und Gruselgeschichten zuzuordnen und entbehrt jeder wissenschaftlichen Grundlage.<a href=\"https:\/\/www.historisches-lexikon-bayerns.de\/Lexikon\/Spanische_Grippe,_1918\/19\" target=\"_blank\"><br \/>\n<\/a><\/p>\n<p>&nbsp;<\/p>\n<\/div>\n","protected":false},"excerpt":{"rendered":"<p>Der Herbst kommt \u2013 Grippeimpfung nicht vergessen. Wichtig f\u00fcr alle, vom S\u00e4ugling bis zum Greis. Weshalb? Geimpfte erkranken nicht an Influenza Geimpfte stecken niemanden an Geimpfte k\u00f6nnen nicht als Wirt f\u00fcr eine m\u00f6glicherweise hochriskante Virusmutation dienen Schweinegrippe, Vogelgrippe &#8211; bisher<\/p>\n","protected":false},"author":1,"featured_media":0,"comment_status":"closed","ping_status":"closed","sticky":false,"template":"","format":"standard","meta":{"footnotes":""},"categories":[1],"tags":[4,83,27,82,28,29],"class_list":["post-538","post","type-post","status-publish","format-standard","hentry","category-allgemeines","tag-grippe","tag-grippeimpfstoff","tag-grippeimpfung","tag-grippeschutzimpfung","tag-influenza","tag-influenzaimpfung"],"_links":{"self":[{"href":"https:\/\/wp.internist-ab.de\/index.php?rest_route=\/wp\/v2\/posts\/538","targetHints":{"allow":["GET"]}}],"collection":[{"href":"https:\/\/wp.internist-ab.de\/index.php?rest_route=\/wp\/v2\/posts"}],"about":[{"href":"https:\/\/wp.internist-ab.de\/index.php?rest_route=\/wp\/v2\/types\/post"}],"author":[{"embeddable":true,"href":"https:\/\/wp.internist-ab.de\/index.php?rest_route=\/wp\/v2\/users\/1"}],"replies":[{"embeddable":true,"href":"https:\/\/wp.internist-ab.de\/index.php?rest_route=%2Fwp%2Fv2%2Fcomments&post=538"}],"version-history":[{"count":5,"href":"https:\/\/wp.internist-ab.de\/index.php?rest_route=\/wp\/v2\/posts\/538\/revisions"}],"predecessor-version":[{"id":543,"href":"https:\/\/wp.internist-ab.de\/index.php?rest_route=\/wp\/v2\/posts\/538\/revisions\/543"}],"wp:attachment":[{"href":"https:\/\/wp.internist-ab.de\/index.php?rest_route=%2Fwp%2Fv2%2Fmedia&parent=538"}],"wp:term":[{"taxonomy":"category","embeddable":true,"href":"https:\/\/wp.internist-ab.de\/index.php?rest_route=%2Fwp%2Fv2%2Fcategories&post=538"},{"taxonomy":"post_tag","embeddable":true,"href":"https:\/\/wp.internist-ab.de\/index.php?rest_route=%2Fwp%2Fv2%2Ftags&post=538"}],"curies":[{"name":"wp","href":"https:\/\/api.w.org\/{rel}","templated":true}]}}