{"id":522,"date":"2016-07-30T21:45:25","date_gmt":"2016-07-30T19:45:25","guid":{"rendered":"http:\/\/wp.internist-ab.de\/?p=522"},"modified":"2017-02-15T11:07:31","modified_gmt":"2017-02-15T10:07:31","slug":"es-tut-sich-was-im-aerztlichen-bereitschaftsdienst","status":"publish","type":"post","link":"https:\/\/wp.internist-ab.de\/?p=522","title":{"rendered":"Es tut sich was im \u00e4rztlichen Bereitschaftsdienst"},"content":{"rendered":"<p>Der \u00e4rztliche Bereitschaftsdienst ist eine vom Gesetzgeber vorgesehene Einrichtung, die die medizinische Versorgung au\u00dferhalb der normalen Sprechzeiten sicherstellt. Alle niedergelassenen \u00c4rztinnen und \u00c4rzte sind zur Teilnahme daran verpflichtet. Mehr Informationen dazu gibt es <a href=\"http:\/\/www.bereitschaftsdienst-ab.de\" target=\"_blank\">hier<\/a>.<\/p>\n<p>Allerdings bedingt der auch bei uns immer weiter zunehmende Mangel an niedergelassenen \u00c4rztinnen und \u00c4rzten, da\u00df die Sicherstellung dieses Auftrags immer problematischer wird &#8211; es gibt einfach immer weniger Leute, die die Dienste \u00fcbernehmen.<\/p>\n<p>Das f\u00fchrt unter anderem dazu, da\u00df viele Patienten nachts und am Wochenende von vornherein gleich die Kliniknotaufnahmen aufsuchen &#8211;\u00a0 die f\u00fcr Bagatellf\u00e4lle aber gar nicht ausgelegt sind. Folge: sehr lange Wartezeiten, Missmut bei Patienten und Personal und erhebliche Kosten f\u00fcr die Kliniken. Ein sehr lesenswerter Beitrag zum Thema ist <a href=\"http:\/\/www.spiegel.de\/karriere\/berufsleben\/kinder-notaufnahme-im-krankenhaus-so-laeuft-der-alltag-a-1104579.html\" target=\"_blank\">hier<\/a> zu finden,<\/p>\n<p>Zur L\u00f6sung des Problems gibt es verschiedene Ans\u00e4tze. Der Gesetzgeber hat im\u00a0 <a href=\"http:\/\/www.bmg.bund.de\/themen\/krankenversicherung\/gkv-versorgungsstaerkungsgesetz\/gkv-vsg.html\" target=\"_blank\">GKV-Versorgungsst\u00e4rkungsgesetz<\/a> die Einrichtung sog. Portalpraxen vorgeschrieben.<br \/>\nDas bedeutet: eine zentrale Bereitschaftsdienstpraxis in oder an einer Klinik, die f\u00fcr all die F\u00e4lle zust\u00e4ndig sein wird, die bisher ohne Notwendigkeit in der Notaufnahme landen. In der Notaufnahme wird dann jemand entscheiden, ob der Patient in die Bereitschaftsdienstpraxis oder in die Notaufnahme geschickt wird.<br \/>\nF\u00fcr den Raum Untermain hat das gravierende Konsequenzen. Die Kassen\u00e4rztliche Vereinigung hat ein Konzept entwickelt, das zwei dieser Bereitschaftsdienstpraxen vorsieht: eine in Erlenbach und eine in Aschaffenburg. Weitere Praxen wird es im Bereitschaftsdienst dann nicht mehr geben. Der Versorgungsbereich soll den Bereich von Kirchzell bis Geiselbach und von Wenigumstadt bis Rohrbrunn umfassen, also ein riesiges Gebiet. Das bezieht sich auch auf den Hausbesuchsdienst: der gesamte Bereich soll von maximal drei \u00c4rzten versorgt werden, die dann in dringenden F\u00e4llen von einem Fahrdienst zu Hausbesuchen gefahren werden. Der Rettungsdienst ist davon nicht betroffen.<\/p>\n<p>Mehr Informationen dazu finden Sie <a href=\"https:\/\/aerztegenossenschaft.wordpress.com\/2016\/07\/22\/informationsveranstaltung-der-kvb-am-21-7-2016-in-mainaschaff-zur-umstrukturierung-des-bereitschaftsdienstes\/\" target=\"_blank\">hier<\/a>.<a href=\"https:\/\/wp.internist-ab.de\/wp-content\/uploads\/2016\/07\/2016-07-21-19-31-53.jpg\"><img loading=\"lazy\" decoding=\"async\" class=\"alignright wp-image-558 size-medium\" src=\"https:\/\/wp.internist-ab.de\/wp-content\/uploads\/2016\/07\/2016-07-21-19-31-53-300x169.jpg\" width=\"300\" height=\"169\" srcset=\"https:\/\/wp.internist-ab.de\/wp-content\/uploads\/2016\/07\/2016-07-21-19-31-53-300x169.jpg 300w, https:\/\/wp.internist-ab.de\/wp-content\/uploads\/2016\/07\/2016-07-21-19-31-53-768x432.jpg 768w, https:\/\/wp.internist-ab.de\/wp-content\/uploads\/2016\/07\/2016-07-21-19-31-53-1024x576.jpg 1024w, https:\/\/wp.internist-ab.de\/wp-content\/uploads\/2016\/07\/2016-07-21-19-31-53-624x351.jpg 624w, https:\/\/wp.internist-ab.de\/wp-content\/uploads\/2016\/07\/2016-07-21-19-31-53.jpg 1108w\" sizes=\"auto, (max-width: 300px) 100vw, 300px\" \/><\/a><\/p>\n<p>Das Konzept ist noch nicht spruchreif und alles andere als ausgegoren, aber die Trendrichtung ist vorgegeben.Wie gesagt &#8211; es tut sich so einiges.<\/p>\n<p>&nbsp;<\/p>\n<p>&nbsp;<\/p>\n","protected":false},"excerpt":{"rendered":"<p>Der \u00e4rztliche Bereitschaftsdienst ist eine vom Gesetzgeber vorgesehene Einrichtung, die die medizinische Versorgung au\u00dferhalb der normalen Sprechzeiten sicherstellt. Alle niedergelassenen \u00c4rztinnen und \u00c4rzte sind zur Teilnahme daran verpflichtet. Mehr Informationen dazu gibt es hier. Allerdings bedingt der auch bei uns<\/p>\n","protected":false},"author":1,"featured_media":0,"comment_status":"closed","ping_status":"closed","sticky":false,"template":"","format":"standard","meta":{"footnotes":""},"categories":[1],"tags":[67,10],"class_list":["post-522","post","type-post","status-publish","format-standard","hentry","category-allgemeines","tag-aerztlicher-notienst","tag-bereitschaftsdienst"],"_links":{"self":[{"href":"https:\/\/wp.internist-ab.de\/index.php?rest_route=\/wp\/v2\/posts\/522","targetHints":{"allow":["GET"]}}],"collection":[{"href":"https:\/\/wp.internist-ab.de\/index.php?rest_route=\/wp\/v2\/posts"}],"about":[{"href":"https:\/\/wp.internist-ab.de\/index.php?rest_route=\/wp\/v2\/types\/post"}],"author":[{"embeddable":true,"href":"https:\/\/wp.internist-ab.de\/index.php?rest_route=\/wp\/v2\/users\/1"}],"replies":[{"embeddable":true,"href":"https:\/\/wp.internist-ab.de\/index.php?rest_route=%2Fwp%2Fv2%2Fcomments&post=522"}],"version-history":[{"count":4,"href":"https:\/\/wp.internist-ab.de\/index.php?rest_route=\/wp\/v2\/posts\/522\/revisions"}],"predecessor-version":[{"id":559,"href":"https:\/\/wp.internist-ab.de\/index.php?rest_route=\/wp\/v2\/posts\/522\/revisions\/559"}],"wp:attachment":[{"href":"https:\/\/wp.internist-ab.de\/index.php?rest_route=%2Fwp%2Fv2%2Fmedia&parent=522"}],"wp:term":[{"taxonomy":"category","embeddable":true,"href":"https:\/\/wp.internist-ab.de\/index.php?rest_route=%2Fwp%2Fv2%2Fcategories&post=522"},{"taxonomy":"post_tag","embeddable":true,"href":"https:\/\/wp.internist-ab.de\/index.php?rest_route=%2Fwp%2Fv2%2Ftags&post=522"}],"curies":[{"name":"wp","href":"https:\/\/api.w.org\/{rel}","templated":true}]}}