{"id":487,"date":"2016-01-04T09:01:15","date_gmt":"2016-01-04T08:01:15","guid":{"rendered":"http:\/\/wp.internist-ab.de\/?p=487"},"modified":"2016-01-04T09:08:16","modified_gmt":"2016-01-04T08:08:16","slug":"neuerungen-zum-1-1-2016","status":"publish","type":"post","link":"https:\/\/wp.internist-ab.de\/?p=487","title":{"rendered":"Neuerungen zum 1.1.2016"},"content":{"rendered":"<p>Wie jedes Jahr gibt es zum 1. Januar einige Neuerungen bez\u00fcglich b\u00fcrokratischer Aspekte. Die wichtigste \u00c4nderung betrifft die neuen &#8222;gelben Scheine&#8220; &#8211; die Formulare zur Krankschreibung und zum Krankengeldbezug im Falle einer Arbeitsunf\u00e4higkeit. Da hat sich ein bisschen was getan &#8211; <a href=\"http:\/\/www.kbv.de\/html\/1150_15757.php\" target=\"_blank\">hier<\/a> und <a href=\"http:\/\/www.haufe.de\/sozialwesen\/leistungen-sozialversicherung\/au-bescheinigung-ab-2016-mit-neuen-funktionalitaeten_242_306066.html\" target=\"_blank\">hier<\/a> gut erkl\u00e4rt.<\/p>\n<p>&nbsp;<\/p>\n","protected":false},"excerpt":{"rendered":"<p>Wie jedes Jahr gibt es zum 1. Januar einige Neuerungen bez\u00fcglich b\u00fcrokratischer Aspekte. Die wichtigste \u00c4nderung betrifft die neuen &#8222;gelben Scheine&#8220; &#8211; die Formulare zur Krankschreibung und zum Krankengeldbezug im Falle einer Arbeitsunf\u00e4higkeit. Da hat sich ein bisschen was getan<\/p>\n","protected":false},"author":1,"featured_media":0,"comment_status":"closed","ping_status":"closed","sticky":false,"template":"","format":"standard","meta":{"footnotes":""},"categories":[1],"tags":[34,32,33,35,36],"class_list":["post-487","post","type-post","status-publish","format-standard","hentry","category-allgemeines","tag-arbeitsunfaehigkeit","tag-au","tag-gelber-schein","tag-krankengeld","tag-krankschreibung"],"_links":{"self":[{"href":"https:\/\/wp.internist-ab.de\/index.php?rest_route=\/wp\/v2\/posts\/487","targetHints":{"allow":["GET"]}}],"collection":[{"href":"https:\/\/wp.internist-ab.de\/index.php?rest_route=\/wp\/v2\/posts"}],"about":[{"href":"https:\/\/wp.internist-ab.de\/index.php?rest_route=\/wp\/v2\/types\/post"}],"author":[{"embeddable":true,"href":"https:\/\/wp.internist-ab.de\/index.php?rest_route=\/wp\/v2\/users\/1"}],"replies":[{"embeddable":true,"href":"https:\/\/wp.internist-ab.de\/index.php?rest_route=%2Fwp%2Fv2%2Fcomments&post=487"}],"version-history":[{"count":2,"href":"https:\/\/wp.internist-ab.de\/index.php?rest_route=\/wp\/v2\/posts\/487\/revisions"}],"predecessor-version":[{"id":489,"href":"https:\/\/wp.internist-ab.de\/index.php?rest_route=\/wp\/v2\/posts\/487\/revisions\/489"}],"wp:attachment":[{"href":"https:\/\/wp.internist-ab.de\/index.php?rest_route=%2Fwp%2Fv2%2Fmedia&parent=487"}],"wp:term":[{"taxonomy":"category","embeddable":true,"href":"https:\/\/wp.internist-ab.de\/index.php?rest_route=%2Fwp%2Fv2%2Fcategories&post=487"},{"taxonomy":"post_tag","embeddable":true,"href":"https:\/\/wp.internist-ab.de\/index.php?rest_route=%2Fwp%2Fv2%2Ftags&post=487"}],"curies":[{"name":"wp","href":"https:\/\/api.w.org\/{rel}","templated":true}]}}