{"id":467,"date":"2015-09-21T13:02:19","date_gmt":"2015-09-21T11:02:19","guid":{"rendered":"http:\/\/wp.internist-ab.de\/?p=467"},"modified":"2015-09-21T13:02:19","modified_gmt":"2015-09-21T11:02:19","slug":"impfung-gegen-influenza","status":"publish","type":"post","link":"https:\/\/wp.internist-ab.de\/?p=467","title":{"rendered":"Impfung gegen Influenza"},"content":{"rendered":"<p>Der Herbst kommt &#8211; <strong><span style=\"color: #ff0000;\">ab 1.10. Grippeimpfung nicht vergessen.<\/span><\/strong> Wichtig f\u00fcr alle, vom S\u00e4ugling bis zum Greis. Weshalb?<\/p>\n<ul>\n<li>Geimpfte erkranken nicht an Influenza<\/li>\n<li>Geimpfte stecken niemanden an<\/li>\n<li>Geimpfte k\u00f6nnen nicht als Wirt f\u00fcr eine m\u00f6glicherweise hochriskante Virusmutation dienen<\/li>\n<\/ul>\n<div class=\"text_exposed_show\">\n<p>Sch\u00fctzen Sie bitte sich selbst und andere &#8211; lassen Sie sich impfen.<br \/>\nMehr Informationen gibt es <a href=\"https:\/\/www.impfen-info.de\/grippeimpfung\/fragen-und-antworten\/\" target=\"_blank\">hier<\/a> und <a href=\"https:\/\/wp.internist-ab.de\/?page_id=53\" target=\"_blank\">hier<\/a>.<\/p>\n<\/div>\n","protected":false},"excerpt":{"rendered":"<p>Der Herbst kommt &#8211; ab 1.10. Grippeimpfung nicht vergessen. Wichtig f\u00fcr alle, vom S\u00e4ugling bis zum Greis. Weshalb? Geimpfte erkranken nicht an Influenza Geimpfte stecken niemanden an Geimpfte k\u00f6nnen nicht als Wirt f\u00fcr eine m\u00f6glicherweise hochriskante Virusmutation dienen Sch\u00fctzen Sie<\/p>\n","protected":false},"author":1,"featured_media":0,"comment_status":"closed","ping_status":"closed","sticky":false,"template":"","format":"standard","meta":{"footnotes":""},"categories":[1],"tags":[4,27,5,28,29],"class_list":["post-467","post","type-post","status-publish","format-standard","hentry","category-allgemeines","tag-grippe","tag-grippeimpfung","tag-impfung","tag-influenza","tag-influenzaimpfung"],"_links":{"self":[{"href":"https:\/\/wp.internist-ab.de\/index.php?rest_route=\/wp\/v2\/posts\/467","targetHints":{"allow":["GET"]}}],"collection":[{"href":"https:\/\/wp.internist-ab.de\/index.php?rest_route=\/wp\/v2\/posts"}],"about":[{"href":"https:\/\/wp.internist-ab.de\/index.php?rest_route=\/wp\/v2\/types\/post"}],"author":[{"embeddable":true,"href":"https:\/\/wp.internist-ab.de\/index.php?rest_route=\/wp\/v2\/users\/1"}],"replies":[{"embeddable":true,"href":"https:\/\/wp.internist-ab.de\/index.php?rest_route=%2Fwp%2Fv2%2Fcomments&post=467"}],"version-history":[{"count":1,"href":"https:\/\/wp.internist-ab.de\/index.php?rest_route=\/wp\/v2\/posts\/467\/revisions"}],"predecessor-version":[{"id":468,"href":"https:\/\/wp.internist-ab.de\/index.php?rest_route=\/wp\/v2\/posts\/467\/revisions\/468"}],"wp:attachment":[{"href":"https:\/\/wp.internist-ab.de\/index.php?rest_route=%2Fwp%2Fv2%2Fmedia&parent=467"}],"wp:term":[{"taxonomy":"category","embeddable":true,"href":"https:\/\/wp.internist-ab.de\/index.php?rest_route=%2Fwp%2Fv2%2Fcategories&post=467"},{"taxonomy":"post_tag","embeddable":true,"href":"https:\/\/wp.internist-ab.de\/index.php?rest_route=%2Fwp%2Fv2%2Ftags&post=467"}],"curies":[{"name":"wp","href":"https:\/\/api.w.org\/{rel}","templated":true}]}}