{"id":442,"date":"2015-09-13T23:09:45","date_gmt":"2015-09-13T21:09:45","guid":{"rendered":"http:\/\/wp.internist-ab.de\/?p=442"},"modified":"2022-06-23T21:12:25","modified_gmt":"2022-06-23T19:12:25","slug":"vitamin-d-spiegel-kassenleistung-ja-oder-nein","status":"publish","type":"post","link":"https:\/\/wp.internist-ab.de\/?p=442","title":{"rendered":"Vitamin D-Spiegel: Kassenleistung ja oder nein?"},"content":{"rendered":"<p>Vitamine sind &#8222;in&#8220;. Insbesondere Vitamin D, das derzeit in den Medien f\u00fcr nahezu alles gut ist und f\u00fcr eine Vielzahl an Krankheiten und Befindlichkeitsst\u00f6rungen verantwortlich gemacht wird.<\/p>\n<p>Wir werden oft gebeten, die Blutspiegel von Vitamin D bestimmen zu lassen und ernten dann regelm\u00e4ssig Erstaunen, wenn wir darauf hinweisen, dass diese Laboruntersuchungen nur in sehr wenigen F\u00e4llen eine Leistung der gesetzlichen Krankenversicherung sind und als Wunschleistung selbst getragen werden m\u00fcssen.<\/p>\n<p>Grunds\u00e4tzlich gilt, dass die laborchemische Bestimmung von Vitaminspiegeln im Blut <strong>nur dann eine Leistung der gesetzlichen Krankenkasse ist, wenn<\/strong> hierf\u00fcr eine klare medizinische Notwendigkeit besteht. Dies gilt beispielsweise bei schwergradigen Nierenerkrankungen oder Fehlfunktion der Nebenschilddr\u00fcsen.<br \/>\nEs gibt dar\u00fcber hinaus &#8211; durchaus gravierende &#8211; Erkrankungen, bei denen eine Kontrolle des Vitamin D-Spiegels sinnvoll ist. Dennoch sind Ihnen und uns hier vom Gesetzgeber (SGB V) sehr enge Grenzen gesteckt.<br \/>\nAllgemeines Unwohlsein, Schw\u00e4chezust\u00e4nde und Depressionen sind <strong>keine<\/strong> Indikationen zur Bestimmung des Spiegels von Vitamin D oder anderer Vitamine. Ein Screening im Sinne einer routinem\u00e4ssigen Bestimmung ist nicht im Leistungskatalog der gesetzlichen Krankenversicherung enthalten und im \u00fcbrigen auch nicht sinnvoll.<\/p>\n<p>Zur Klarstellung sei hier auf <a target=\"_blank\" rel=\"noopener\" href=\"https:\/\/www.kvno.de\/fileadmin\/shared\/pdf\/online\/newsletter\/VIN\/VIN_01_2015_2.pdf\"><strong>diese gut geschriebene Zusammenfassung der KV Nordrhein<\/strong><\/a> verwiesen, die die Spielregeln f\u00fcr die Bestimmung des 25-OH-Vitamin D-Spiegels und auch hinsichtlich der Verordnung von Vitamin D-Pr\u00e4paraten verst\u00e4ndlich erkl\u00e4rt.<\/p>\n<p>Bei der Bestimmung der Blutspiegel anderer Vitamine gelten \u00e4hnliche Regeln, so dass wir <strong>ausserhalb bestimmter Krankheitsf\u00e4lle nicht<\/strong> berechtigt sind, diese Leistungen zu Lasten der gesetzlichen Krankenversicherung zu veranlassen.<\/p>\n","protected":false},"excerpt":{"rendered":"<p>Vitamine sind &#8222;in&#8220;. Insbesondere Vitamin D, das derzeit in den Medien f\u00fcr nahezu alles gut ist und f\u00fcr eine Vielzahl an Krankheiten und Befindlichkeitsst\u00f6rungen verantwortlich gemacht wird. Wir werden oft gebeten, die Blutspiegel von Vitamin D bestimmen zu lassen und<\/p>\n","protected":false},"author":1,"featured_media":0,"comment_status":"closed","ping_status":"closed","sticky":false,"template":"","format":"standard","meta":{"footnotes":""},"categories":[1],"tags":[22,21,20,19,23],"class_list":["post-442","post","type-post","status-publish","format-standard","hentry","category-allgemeines","tag-kassenleistung","tag-labor","tag-vitamin-d","tag-vitamine","tag-wunschleistung"],"_links":{"self":[{"href":"https:\/\/wp.internist-ab.de\/index.php?rest_route=\/wp\/v2\/posts\/442","targetHints":{"allow":["GET"]}}],"collection":[{"href":"https:\/\/wp.internist-ab.de\/index.php?rest_route=\/wp\/v2\/posts"}],"about":[{"href":"https:\/\/wp.internist-ab.de\/index.php?rest_route=\/wp\/v2\/types\/post"}],"author":[{"embeddable":true,"href":"https:\/\/wp.internist-ab.de\/index.php?rest_route=\/wp\/v2\/users\/1"}],"replies":[{"embeddable":true,"href":"https:\/\/wp.internist-ab.de\/index.php?rest_route=%2Fwp%2Fv2%2Fcomments&post=442"}],"version-history":[{"count":10,"href":"https:\/\/wp.internist-ab.de\/index.php?rest_route=\/wp\/v2\/posts\/442\/revisions"}],"predecessor-version":[{"id":1708,"href":"https:\/\/wp.internist-ab.de\/index.php?rest_route=\/wp\/v2\/posts\/442\/revisions\/1708"}],"wp:attachment":[{"href":"https:\/\/wp.internist-ab.de\/index.php?rest_route=%2Fwp%2Fv2%2Fmedia&parent=442"}],"wp:term":[{"taxonomy":"category","embeddable":true,"href":"https:\/\/wp.internist-ab.de\/index.php?rest_route=%2Fwp%2Fv2%2Fcategories&post=442"},{"taxonomy":"post_tag","embeddable":true,"href":"https:\/\/wp.internist-ab.de\/index.php?rest_route=%2Fwp%2Fv2%2Ftags&post=442"}],"curies":[{"name":"wp","href":"https:\/\/api.w.org\/{rel}","templated":true}]}}