{"id":426,"date":"2015-08-05T20:04:06","date_gmt":"2015-08-05T18:04:06","guid":{"rendered":"http:\/\/wp.internist-ab.de\/?p=426"},"modified":"2015-08-05T21:25:11","modified_gmt":"2015-08-05T19:25:11","slug":"nur-noch-wenige-tage-in-der-alten-praxis","status":"publish","type":"post","link":"https:\/\/wp.internist-ab.de\/?p=426","title":{"rendered":"Nur noch wenige Tage in der alten Praxis, dann ziehen wir um"},"content":{"rendered":"<p><strong>Wie <a href=\"https:\/\/wp.internist-ab.de\/?p=377\" target=\"_blank\">bereits angek\u00fcndigt<\/a>, ziehen wir um.<\/strong><\/p>\n<p>Am <strong>14.8.<\/strong> ist der letzte Tag in der Erthalstr. 18. Dann machen wir zu, bringen unseren Umzug hinter uns und sind ab<strong> 8.9.<\/strong> in der <a href=\"http:\/\/www.openstreetmap.org\/node\/240047795#map=19\/49.97776\/9.14580\" target=\"_blank\">Wei\u00dfenburger Str. 20-24<\/a> wieder f\u00fcr Sie da &#8211; dann in neuen R\u00e4umen, barrierefrei und mit deutlich besseren Parkm\u00f6glichkeiten als bisher.<\/p>\n<p>Unsere <a href=\"https:\/\/wp.internist-ab.de\/?page_id=31\" target=\"_blank\">Sprechzeiten<\/a>, die <a href=\"https:\/\/wp.internist-ab.de\/?page_id=35\" target=\"_blank\">Telefonnummern, Faxnummern, eMail-Adresse und Website <\/a>bleiben unver\u00e4ndert.<\/p>\n","protected":false},"excerpt":{"rendered":"<p>Wie bereits angek\u00fcndigt, ziehen wir um. Am 14.8. ist der letzte Tag in der Erthalstr. 18. Dann machen wir zu, bringen unseren Umzug hinter uns und sind ab 8.9. in der Wei\u00dfenburger Str. 20-24 wieder f\u00fcr Sie da &#8211; dann<\/p>\n","protected":false},"author":1,"featured_media":0,"comment_status":"closed","ping_status":"closed","sticky":false,"template":"","format":"standard","meta":{"footnotes":""},"categories":[1],"tags":[9],"class_list":["post-426","post","type-post","status-publish","format-standard","hentry","category-allgemeines","tag-umzug"],"_links":{"self":[{"href":"https:\/\/wp.internist-ab.de\/index.php?rest_route=\/wp\/v2\/posts\/426","targetHints":{"allow":["GET"]}}],"collection":[{"href":"https:\/\/wp.internist-ab.de\/index.php?rest_route=\/wp\/v2\/posts"}],"about":[{"href":"https:\/\/wp.internist-ab.de\/index.php?rest_route=\/wp\/v2\/types\/post"}],"author":[{"embeddable":true,"href":"https:\/\/wp.internist-ab.de\/index.php?rest_route=\/wp\/v2\/users\/1"}],"replies":[{"embeddable":true,"href":"https:\/\/wp.internist-ab.de\/index.php?rest_route=%2Fwp%2Fv2%2Fcomments&post=426"}],"version-history":[{"count":4,"href":"https:\/\/wp.internist-ab.de\/index.php?rest_route=\/wp\/v2\/posts\/426\/revisions"}],"predecessor-version":[{"id":430,"href":"https:\/\/wp.internist-ab.de\/index.php?rest_route=\/wp\/v2\/posts\/426\/revisions\/430"}],"wp:attachment":[{"href":"https:\/\/wp.internist-ab.de\/index.php?rest_route=%2Fwp%2Fv2%2Fmedia&parent=426"}],"wp:term":[{"taxonomy":"category","embeddable":true,"href":"https:\/\/wp.internist-ab.de\/index.php?rest_route=%2Fwp%2Fv2%2Fcategories&post=426"},{"taxonomy":"post_tag","embeddable":true,"href":"https:\/\/wp.internist-ab.de\/index.php?rest_route=%2Fwp%2Fv2%2Ftags&post=426"}],"curies":[{"name":"wp","href":"https:\/\/api.w.org\/{rel}","templated":true}]}}