{"id":397,"date":"2015-07-04T16:20:18","date_gmt":"2015-07-04T14:20:18","guid":{"rendered":"http:\/\/wp.internist-ab.de\/?p=397"},"modified":"2015-07-05T12:52:02","modified_gmt":"2015-07-05T10:52:02","slug":"telemedizin-die-bundesregierung-macht-druck","status":"publish","type":"post","link":"https:\/\/wp.internist-ab.de\/?p=397","title":{"rendered":"Telemedizin &#8211; die Bundesregierung macht Druck"},"content":{"rendered":"<p>Zw\u00f6lf Jahre nach der Beschlussfassung \u00fcber die Einf\u00fchrung der <a href=\"http:\/\/www.vzhh.de\/gesundheit\/30500\/die-elektronische-gesundheitskarte-gefaehrdet-ihre-gesundheit.aspx\" target=\"_blank\">elektronischen Gesundheitskarte<\/a> macht die Bundesregierung massiv Druck zur Umsetzung der damit verbundenen digitalen Vernetzungsm\u00f6glichkeiten.\u00a0 Mehr Hintergrundinformationen dazu finden Sie <a href=\"http:\/\/dip21.bundestag.de\/dip21\/btd\/18\/052\/1805293.pdf\" target=\"_blank\">hier<\/a> und <a href=\"http:\/\/www.aerzteblatt.de\/nachrichten\/63373\/E-Health-Gesetz-im-Bundestag-Richtiger-Weg-aber-auch-Nachbesserungsbedarf\" target=\"_blank\">hier<\/a>.<\/p>\n<p>Wenn diese Beschl\u00fcsse umgesetzt werden, wandern <strong>Ihre<\/strong> Gesundheitsdaten durch das internet. Zwar verschl\u00fcsselt und angeblich sicher, aber &#8230;<\/p>\n<p>Der Bundestag hat am 3.7.2015 in erster Lesung \u00fcber das sogenannte E-Health-Gesetz debattiert. Die Parlamentarische Staatssekret\u00e4rin beim Bundesminister f\u00fcr Gesundheit <a href=\"http:\/\/www.widmann-mauz.de\/\" target=\"_blank\">Anette Widmann-Mauz MdB <\/a>hat dabei die Formulierung &#8222;<a href=\"http:\/\/www.bundestag.de\/mediathek\/?isLinkCallPlenar=1&amp;action=search&amp;contentArea=details&amp;ids=5355305&amp;instance=m187&amp;categorie=Plenarsitzung&amp;destination=search&amp;mask=search\" target=\"_blank\">Ausreden werden wir nicht mehr hinnehmen<\/a>.&#8220; verwendet.<\/p>\n<p>Hierzu im Folgenden ein lesenswerter Kommentar des Vorstandsmitglieds der <a href=\"http:\/\/www.kvb.de\/\" target=\"_blank\">KVB<\/a> <a href=\"https:\/\/www.kvb.de\/ueber-uns\/organisation\/vorstand\/dr-enger\/\" target=\"_blank\">Dr. med. Ilka Enger<\/a>, ver\u00f6ffentlicht mit Genehmigung der Autorin.<\/p>\n<p>&nbsp;<\/p>\n<hr \/>\n<h3 style=\"padding-left: 90px;\"><strong>Ich glaube, es hackt!<\/strong><\/h3>\n<p style=\"padding-left: 60px;\">Und dieses Mal ist es nicht nur so eine Redensart, sondern bittere Realit\u00e4t im Bundestag, aber auch bei Merkels Handy und in einigen Ministerien.<\/p>\n<p style=\"padding-left: 60px;\">Und nun wollen uns diejenigen, bei denen es wohl hackt &#8211; und zwar an allen Ecken und Enden &#8211; zwingen, dass man auch bei uns ungest\u00f6rt hacken kann in den Praxen und bei den Daten unserer Patienten.<\/p>\n<p style=\"padding-left: 60px;\">Es mutet ja fast schon wie Satire an, wenn derselbe <a href=\"https:\/\/www.bsi.bund.de\/DE\/Home\/home_node.html\" target=\"_blank\">BSI<\/a>, der beratend f\u00fcr das Netzwerk des Bundestages zust\u00e4ndig ist und der auf Grund einer gewissen personellen Unterdeckung nicht in der Lage ist, zeitgerecht die <a href=\"http:\/\/www.heise.de\/newsticker\/meldung\/Elektronische-Gesundheitskarte-Aerztetag-lehnt-Datenabgleich-in-der-Arztpraxis-ab-2651513.html\" target=\"_blank\">Online-Terminals <\/a>f\u00fcr die Testanwendungen abzunehmen, jetzt allen Ernstes von Frau <a href=\"http:\/\/www.widmann-mauz.de\/\" target=\"_blank\">Widmann-Mauz<\/a> als der technische Goliath der Telematikinfrastruktur benannt wird.<\/p>\n<p style=\"padding-left: 60px;\">Wie gesagt &#8211; es hackt anscheinend.<\/p>\n<p style=\"padding-left: 60px;\">Und so richtig w\u00fctend macht es mich, wenn ein Herr <a href=\"http:\/\/www.apotheke-adhoc.de\/nachrichten\/politik\/nachricht-detail-politik\/kbv-egk-elektronische-gesundheitskarte-e-health-gassen-medikationsplan\/?tx_ttnews[sViewPointer]=1&amp;cHash=52ff9014156742c861e403b30b920fd7\" target=\"_blank\">Franke<\/a> sagt, er will keine meckernden \u00c4rzte mehr. Ja, Herr Franke, Sie haben es bald geschafft, denn mit Ihrer Politik werden Sie bald nicht nur keine meckernden, sondern gar keine \u00c4rzte mehr haben. Aber Hauptsache dann steht das &#8222;Gesundheitsnetzwerk&#8220; zur Verf\u00fcgung &#8211; wer behandelt ist ja dann wurscht, nicht wahr.<\/p>\n<p style=\"padding-left: 60px;\">Und noch viel w\u00fctender macht mich als gestandener Mediziner der Gouvernantenton, der da im Parlament angeschlagen wird. &#8222;<a href=\"http:\/\/www.bundestag.de\/mediathek\/?isLinkCallPlenar=1&amp;action=search&amp;contentArea=details&amp;ids=5355305&amp;instance=m187&amp;categorie=Plenarsitzung&amp;destination=search&amp;mask=search\" target=\"_blank\">Wir dulden keine Ausreden mehr<\/a>&#8222;<\/p>\n<p style=\"padding-left: 60px;\">Ich dulde es eigentlich nicht, wenn jemand mit mir so spricht. Insbesondere dulde ich nicht, dass jemand, der von Tuten und Blasen keine Ahnung hat und ignorant die Probleme des Datenschutzes negiert und dabei noch das Arzt-Patienten-Geheimnis untergr\u00e4bt, so die Backen aufbl\u00e4st.<\/p>\n<p style=\"padding-left: 60px;\">Diese Politik, die da am Werke ist, hat bereits Milliarden f\u00fcr diesen Bl\u00f6dsinn rausgehauen, um damit die IT-Industrie aus Versichertengeldern zu sponsern und sie wird weitere Milliarden raushauen, denn es wird ja jetzt schon deutlich, dass es die n\u00e4chste Kartengenerationen f\u00fcr fast 200 Mio. Euro braucht und vermutlich auch die Kartenleseger\u00e4te dann nicht mehr brauchbar sind, mit denen unsere Praxen quasi zwangsweise beschickt wurden. Was das kostet, will ich gar nicht wissen!<\/p>\n<p style=\"padding-left: 60px;\">Eine Frage: Braucht diese Regierung nicht ihr Geld n\u00f6tiger in Griechenland? Ach nein &#8211; sind ja nur Versichertengelder, die da rausgeblasen werden und die braucht man doch nicht wirklich f\u00fcr die Gesundheitsversorgung insbesondere, weil wir ja keinen demographischen Wandel haben.<\/p>\n<p style=\"padding-left: 60px;\">Wie gesagt &#8211; es hackt gewaltig in Deutschland!<\/p>\n<p style=\"padding-left: 60px;\">Ilka M. Enger<\/p>\n<p style=\"padding-left: 60px;\">Mitglied des<a href=\"http:\/\/www.bayerischerfacharztverband.de\/\" target=\"_blank\"> Bayerischen Facharztverbandes<\/a><br \/>\nVorstandsmitglied der <a href=\"http:\/\/www.kvb.de\" target=\"_blank\">Kassen\u00e4rztlichen Vereinigung Bayerns<\/a><\/p>\n<p>&nbsp;<\/p>\n<hr \/>\n<p>Weitere Informationen zum Thema:\u00a0\u00a0\u00a0\u00a0\u00a0 <a href=\"http:\/\/www.extremnews.com\/nachrichten\/vermischtes\/ce5412c976ab420\" target=\"_blank\">(1)<\/a>\u00a0 <a href=\"http:\/\/www.stoppt-die-e-card.de\/\" target=\"_blank\">(2)<\/a>\u00a0 <a href=\"https:\/\/de.wikipedia.org\/wiki\/Elektronische_Gesundheitskarte\" target=\"_blank\">(3)<\/a>\u00a0\u00a0 <a href=\"http:\/\/www.versicherungsbote.de\/id\/4819686\/Gesundheitskarte-E-Health-Gesetz-Bundesregierung-Datenschutz\/\" target=\"_blank\">(4)<\/a><\/p>\n<hr \/>\n<p>&nbsp;<\/p>\n<h3><span style=\"color: #333333;\">Bitte teilen Sie diesen Artikel \u00fcber die sozialen Medien, denn den wenigsten Menschen ist klar, was sich da im Augenblick tut. <\/span><\/h3>\n<p>&nbsp;<\/p>\n","protected":false},"excerpt":{"rendered":"<p>Zw\u00f6lf Jahre nach der Beschlussfassung \u00fcber die Einf\u00fchrung der elektronischen Gesundheitskarte macht die Bundesregierung massiv Druck zur Umsetzung der damit verbundenen digitalen Vernetzungsm\u00f6glichkeiten.\u00a0 Mehr Hintergrundinformationen dazu finden Sie hier und hier. Wenn diese Beschl\u00fcsse umgesetzt werden, wandern Ihre Gesundheitsdaten durch<\/p>\n","protected":false},"author":1,"featured_media":0,"comment_status":"closed","ping_status":"closed","sticky":false,"template":"","format":"standard","meta":{"footnotes":""},"categories":[1],"tags":[14,13,15,16,17],"class_list":["post-397","post","type-post","status-publish","format-standard","hentry","category-allgemeines","tag-bundestag","tag-e-health","tag-egk","tag-gesundheitskarte","tag-telematik"],"_links":{"self":[{"href":"https:\/\/wp.internist-ab.de\/index.php?rest_route=\/wp\/v2\/posts\/397","targetHints":{"allow":["GET"]}}],"collection":[{"href":"https:\/\/wp.internist-ab.de\/index.php?rest_route=\/wp\/v2\/posts"}],"about":[{"href":"https:\/\/wp.internist-ab.de\/index.php?rest_route=\/wp\/v2\/types\/post"}],"author":[{"embeddable":true,"href":"https:\/\/wp.internist-ab.de\/index.php?rest_route=\/wp\/v2\/users\/1"}],"replies":[{"embeddable":true,"href":"https:\/\/wp.internist-ab.de\/index.php?rest_route=%2Fwp%2Fv2%2Fcomments&post=397"}],"version-history":[{"count":19,"href":"https:\/\/wp.internist-ab.de\/index.php?rest_route=\/wp\/v2\/posts\/397\/revisions"}],"predecessor-version":[{"id":416,"href":"https:\/\/wp.internist-ab.de\/index.php?rest_route=\/wp\/v2\/posts\/397\/revisions\/416"}],"wp:attachment":[{"href":"https:\/\/wp.internist-ab.de\/index.php?rest_route=%2Fwp%2Fv2%2Fmedia&parent=397"}],"wp:term":[{"taxonomy":"category","embeddable":true,"href":"https:\/\/wp.internist-ab.de\/index.php?rest_route=%2Fwp%2Fv2%2Fcategories&post=397"},{"taxonomy":"post_tag","embeddable":true,"href":"https:\/\/wp.internist-ab.de\/index.php?rest_route=%2Fwp%2Fv2%2Ftags&post=397"}],"curies":[{"name":"wp","href":"https:\/\/api.w.org\/{rel}","templated":true}]}}