{"id":392,"date":"2015-05-15T16:01:58","date_gmt":"2015-05-15T14:01:58","guid":{"rendered":"http:\/\/wp.internist-ab.de\/?p=392"},"modified":"2015-05-15T16:04:28","modified_gmt":"2015-05-15T14:04:28","slug":"aerztlicher-bereitschaftsdienst-in-not","status":"publish","type":"post","link":"https:\/\/wp.internist-ab.de\/?p=392","title":{"rendered":"\u00c4rztlicher Bereitschaftsdienst in Not"},"content":{"rendered":"<p>Der \u00e4rztliche Bereitschaftsdienst f\u00fcr die medizinische Versorgung der Bev\u00f6lkerung ausserhalb regul\u00e4rer Sprechzeiten landet immer wieder in den <a href=\"http:\/\/www.aerztezeitung.de\/politik_gesellschaft\/bedarfsplanung\/article\/857944\/notdienst-bayern-weniger-bezirke-laengere-wege.html\" target=\"_blank\">Schlagzeilen<\/a>, und das nicht ohne Grund: zu wenig \u00c4rzte, zu wenig finanzielle Mittel und viele andere Probleme. Und die werden weiter zunehmen.<\/p>\n<p>Die ARD-Sendung PlusMinus hat sich eines speziellen Aspektes der Problematik angenommen und einen sehr sehenswerten Film dazu gedreht, <a href=\"http:\/\/www.daserste.de\/information\/wirtschaft-boerse\/plusminus\/sendung\/hr\/notarzt-patienten-100.html\" target=\"_blank\">hier<\/a> zu sehen.<\/p>\n","protected":false},"excerpt":{"rendered":"<p>Der \u00e4rztliche Bereitschaftsdienst f\u00fcr die medizinische Versorgung der Bev\u00f6lkerung ausserhalb regul\u00e4rer Sprechzeiten landet immer wieder in den Schlagzeilen, und das nicht ohne Grund: zu wenig \u00c4rzte, zu wenig finanzielle Mittel und viele andere Probleme. Und die werden weiter zunehmen. Die<\/p>\n","protected":false},"author":1,"featured_media":0,"comment_status":"closed","ping_status":"closed","sticky":false,"template":"","format":"standard","meta":{"footnotes":""},"categories":[1],"tags":[10,12,11],"class_list":["post-392","post","type-post","status-publish","format-standard","hentry","category-allgemeines","tag-bereitschaftsdienst","tag-notaufnahme","tag-rettungsdienst"],"_links":{"self":[{"href":"https:\/\/wp.internist-ab.de\/index.php?rest_route=\/wp\/v2\/posts\/392","targetHints":{"allow":["GET"]}}],"collection":[{"href":"https:\/\/wp.internist-ab.de\/index.php?rest_route=\/wp\/v2\/posts"}],"about":[{"href":"https:\/\/wp.internist-ab.de\/index.php?rest_route=\/wp\/v2\/types\/post"}],"author":[{"embeddable":true,"href":"https:\/\/wp.internist-ab.de\/index.php?rest_route=\/wp\/v2\/users\/1"}],"replies":[{"embeddable":true,"href":"https:\/\/wp.internist-ab.de\/index.php?rest_route=%2Fwp%2Fv2%2Fcomments&post=392"}],"version-history":[{"count":2,"href":"https:\/\/wp.internist-ab.de\/index.php?rest_route=\/wp\/v2\/posts\/392\/revisions"}],"predecessor-version":[{"id":394,"href":"https:\/\/wp.internist-ab.de\/index.php?rest_route=\/wp\/v2\/posts\/392\/revisions\/394"}],"wp:attachment":[{"href":"https:\/\/wp.internist-ab.de\/index.php?rest_route=%2Fwp%2Fv2%2Fmedia&parent=392"}],"wp:term":[{"taxonomy":"category","embeddable":true,"href":"https:\/\/wp.internist-ab.de\/index.php?rest_route=%2Fwp%2Fv2%2Fcategories&post=392"},{"taxonomy":"post_tag","embeddable":true,"href":"https:\/\/wp.internist-ab.de\/index.php?rest_route=%2Fwp%2Fv2%2Ftags&post=392"}],"curies":[{"name":"wp","href":"https:\/\/api.w.org\/{rel}","templated":true}]}}