{"id":377,"date":"2015-04-11T19:52:54","date_gmt":"2015-04-11T17:52:54","guid":{"rendered":"http:\/\/wp.internist-ab.de\/?p=377"},"modified":"2015-04-11T20:04:55","modified_gmt":"2015-04-11T18:04:55","slug":"wir-ziehen-um","status":"publish","type":"post","link":"https:\/\/wp.internist-ab.de\/?p=377","title":{"rendered":"Wir ziehen um !"},"content":{"rendered":"<p>Bitte beachten: unsere Praxis zieht im Sommer nach zehn Jahren in den bisherigen R\u00e4umen in der Erthalstrasse um.<\/p>\n<p>Ab <span style=\"text-decoration: underline;\"><strong>8.9.2015<\/strong><\/span> finden Sie uns in neuen R\u00e4umen &#8211; barrierefrei, moderner, mit besseren Parkm\u00f6glichkeiten &#8211; und genauso freundlich und kompetent wie bisher. Die neue Praxis liegt nur wenige Meter von der bisherigen entfernt.<br \/>\n<span style=\"color: #003366;\">Neue Anschrift ab September: Wei\u00dfenburger Str. 20-24 (ehemaliges Hypobankgeb\u00e4ude)<\/span><\/p>\n<p>&nbsp;<\/p>\n<p><a href=\"https:\/\/wp.internist-ab.de\/wp-content\/uploads\/2015\/04\/screenshot_11-04-2015-19-50-03.jpg\"><img loading=\"lazy\" decoding=\"async\" class=\"alignright size-full wp-image-378\" src=\"https:\/\/wp.internist-ab.de\/wp-content\/uploads\/2015\/04\/screenshot_11-04-2015-19-50-03.jpg\" alt=\"screenshot_11-04-2015-19-50-03\" width=\"528\" height=\"296\" srcset=\"https:\/\/wp.internist-ab.de\/wp-content\/uploads\/2015\/04\/screenshot_11-04-2015-19-50-03.jpg 528w, https:\/\/wp.internist-ab.de\/wp-content\/uploads\/2015\/04\/screenshot_11-04-2015-19-50-03-300x168.jpg 300w\" sizes=\"auto, (max-width: 528px) 100vw, 528px\" \/><\/a><\/p>\n<p>&nbsp;<\/p>\n<p><a href=\"https:\/\/wp.internist-ab.de\/wp-content\/uploads\/2015\/04\/screenshot_11-04-2015-20-01-25.jpg\"><img loading=\"lazy\" decoding=\"async\" class=\"alignright size-full wp-image-380\" src=\"https:\/\/wp.internist-ab.de\/wp-content\/uploads\/2015\/04\/screenshot_11-04-2015-20-01-25.jpg\" alt=\"screenshot_11-04-2015-20-01-25\" width=\"514\" height=\"444\" srcset=\"https:\/\/wp.internist-ab.de\/wp-content\/uploads\/2015\/04\/screenshot_11-04-2015-20-01-25.jpg 514w, https:\/\/wp.internist-ab.de\/wp-content\/uploads\/2015\/04\/screenshot_11-04-2015-20-01-25-300x259.jpg 300w\" sizes=\"auto, (max-width: 514px) 100vw, 514px\" \/><\/a><\/p>\n","protected":false},"excerpt":{"rendered":"<p>Bitte beachten: unsere Praxis zieht im Sommer nach zehn Jahren in den bisherigen R\u00e4umen in der Erthalstrasse um. Ab 8.9.2015 finden Sie uns in neuen R\u00e4umen &#8211; barrierefrei, moderner, mit besseren Parkm\u00f6glichkeiten &#8211; und genauso freundlich und kompetent wie bisher.<\/p>\n","protected":false},"author":1,"featured_media":0,"comment_status":"closed","ping_status":"closed","sticky":false,"template":"","format":"aside","meta":{"footnotes":""},"categories":[1],"tags":[9],"class_list":["post-377","post","type-post","status-publish","format-aside","hentry","category-allgemeines","tag-umzug","post_format-post-format-aside"],"_links":{"self":[{"href":"https:\/\/wp.internist-ab.de\/index.php?rest_route=\/wp\/v2\/posts\/377","targetHints":{"allow":["GET"]}}],"collection":[{"href":"https:\/\/wp.internist-ab.de\/index.php?rest_route=\/wp\/v2\/posts"}],"about":[{"href":"https:\/\/wp.internist-ab.de\/index.php?rest_route=\/wp\/v2\/types\/post"}],"author":[{"embeddable":true,"href":"https:\/\/wp.internist-ab.de\/index.php?rest_route=\/wp\/v2\/users\/1"}],"replies":[{"embeddable":true,"href":"https:\/\/wp.internist-ab.de\/index.php?rest_route=%2Fwp%2Fv2%2Fcomments&post=377"}],"version-history":[{"count":2,"href":"https:\/\/wp.internist-ab.de\/index.php?rest_route=\/wp\/v2\/posts\/377\/revisions"}],"predecessor-version":[{"id":381,"href":"https:\/\/wp.internist-ab.de\/index.php?rest_route=\/wp\/v2\/posts\/377\/revisions\/381"}],"wp:attachment":[{"href":"https:\/\/wp.internist-ab.de\/index.php?rest_route=%2Fwp%2Fv2%2Fmedia&parent=377"}],"wp:term":[{"taxonomy":"category","embeddable":true,"href":"https:\/\/wp.internist-ab.de\/index.php?rest_route=%2Fwp%2Fv2%2Fcategories&post=377"},{"taxonomy":"post_tag","embeddable":true,"href":"https:\/\/wp.internist-ab.de\/index.php?rest_route=%2Fwp%2Fv2%2Ftags&post=377"}],"curies":[{"name":"wp","href":"https:\/\/api.w.org\/{rel}","templated":true}]}}