{"id":330,"date":"2014-11-13T13:01:16","date_gmt":"2014-11-13T12:01:16","guid":{"rendered":"http:\/\/wp.internist-ab.de\/?p=330"},"modified":"2014-11-16T16:22:29","modified_gmt":"2014-11-16T15:22:29","slug":"keine-rezepte-ohne-vorlage-einer-gueltigen-versicherungskarte","status":"publish","type":"post","link":"https:\/\/wp.internist-ab.de\/?p=330","title":{"rendered":"Ab 1.1. keine Rezepte ohne Vorlage einer g\u00fcltigen Versicherungskarte"},"content":{"rendered":"<p><strong>Ab 1.1.2015 gelten neue Regeln bez\u00fcglich der Vorlage der Krankenversicherungskarte<\/strong>. Sofern Patienten vor der ersten Konsultation im Quartal keine g\u00fcltige elektronische Gesundheitskarte oder einen sonstigen g\u00fcltigen Versicherungsnachweis vorlegen k\u00f6nnen, verpflichtet uns der Gesetzgeber, die jeweils aktuelle Konsultation privat gem\u00e4ss GO\u00c4 in Rechnung zu stellen (<a href=\"http:\/\/www.gkv-spitzenverband.de\/krankenversicherung\/aerztliche_versorgung\/bundesmantelvertrag\/anlagen_zum_bundesmantelvertrag\/einzelne_anlagen_zum_bmv\/bmv_anlage_4a_elektronische_gesundheitskarte.jsp\" target=\"_blank\"><em>Anhang 1 zu Anlage 4 a Bundesmantelvertrag \u00c4rzte, g\u00fcltig ab 1.1.2015<\/em><\/a>).<br \/>\nDas bedeutet auch, dass ohne Vorlage eines g\u00fcltigen Versicherungsnachweises Medikamente privat rezeptiert werden m\u00fcssen (mit dem Zusatz &#8222;Ohne Versicherungsnachweis&#8220;). Das Ausstellen von Arbeitsunf\u00e4higkeitsbescheinigungen oder anderen Formularen der gesetzlichen Krankenversicherung ist grunds\u00e4tzlich nicht m\u00f6glich; entsprechende privat\u00e4rztliche Bescheinigungen k\u00f6nnen ausgestellt werden.<\/p>\n<p>Sofern binnen 10 Tagen ab Konsultationsdatum ein g\u00fcltiger Versicherungsnachweis vorlegt wird, ist die Rechnung nichtig, andernfalls tritt sofortige Zahlungspflicht nach Rechnungszugang ein. Die M\u00f6glichkeit einer Kostenerstattung durch die Krankenkasse h\u00e4ngt von der jeweiligen Kasse ab. Wenn im laufenden Quartal sp\u00e4ter ein g\u00fcltiger Versicherungsnachweis vorlegt wird, wird der Betrag von uns gem\u00e4\u00df gesetzlicher Vorgabe zur\u00fcckerstattet bzw. die Rechnung gar nicht erst erstellt.<\/p>\n<p><strong>Sorgen Sie also bitte f\u00fcr die rechtzeitige Vorlage einer g\u00fcltigen Versicherungskarte, da ansonsten ein unn\u00f6tig hoher Verwaltungsaufwand entsteht.<\/strong><br \/>\nBeachten Sie bitte auch, dass ab Januar 2015 nur noch die neue elektronische Gesundheitskarte (eGK) zul\u00e4ssig ist. Die alte Krankenversichertenkarte (KVK) ist dann ung\u00fcltig, selbst wenn auf den Karten ein sp\u00e4teres Ablaufdatum vermerkt ist.<\/p>\n<p>Anzumerken ist, dass wir \u00fcber die Einf\u00fchrung der elektronischen Gesundheitskarte alles andere als gl\u00fccklich sind. Mehr Informationen dazu finden Sie <a title=\"Die elektronische Gesundheitskarte wird ab 2014 Pflicht\" href=\"https:\/\/wp.internist-ab.de\/?p=292\">hier<\/a>.<\/p>\n","protected":false},"excerpt":{"rendered":"<p>Ab 1.1.2015 gelten neue Regeln bez\u00fcglich der Vorlage der Krankenversicherungskarte. Sofern Patienten vor der ersten Konsultation im Quartal keine g\u00fcltige elektronische Gesundheitskarte oder einen sonstigen g\u00fcltigen Versicherungsnachweis vorlegen k\u00f6nnen, verpflichtet uns der Gesetzgeber, die jeweils aktuelle Konsultation privat gem\u00e4ss GO\u00c4<\/p>\n","protected":false},"author":1,"featured_media":0,"comment_status":"closed","ping_status":"closed","sticky":false,"template":"","format":"standard","meta":{"footnotes":""},"categories":[1],"tags":[],"class_list":["post-330","post","type-post","status-publish","format-standard","hentry","category-allgemeines"],"_links":{"self":[{"href":"https:\/\/wp.internist-ab.de\/index.php?rest_route=\/wp\/v2\/posts\/330","targetHints":{"allow":["GET"]}}],"collection":[{"href":"https:\/\/wp.internist-ab.de\/index.php?rest_route=\/wp\/v2\/posts"}],"about":[{"href":"https:\/\/wp.internist-ab.de\/index.php?rest_route=\/wp\/v2\/types\/post"}],"author":[{"embeddable":true,"href":"https:\/\/wp.internist-ab.de\/index.php?rest_route=\/wp\/v2\/users\/1"}],"replies":[{"embeddable":true,"href":"https:\/\/wp.internist-ab.de\/index.php?rest_route=%2Fwp%2Fv2%2Fcomments&post=330"}],"version-history":[{"count":10,"href":"https:\/\/wp.internist-ab.de\/index.php?rest_route=\/wp\/v2\/posts\/330\/revisions"}],"predecessor-version":[{"id":350,"href":"https:\/\/wp.internist-ab.de\/index.php?rest_route=\/wp\/v2\/posts\/330\/revisions\/350"}],"wp:attachment":[{"href":"https:\/\/wp.internist-ab.de\/index.php?rest_route=%2Fwp%2Fv2%2Fmedia&parent=330"}],"wp:term":[{"taxonomy":"category","embeddable":true,"href":"https:\/\/wp.internist-ab.de\/index.php?rest_route=%2Fwp%2Fv2%2Fcategories&post=330"},{"taxonomy":"post_tag","embeddable":true,"href":"https:\/\/wp.internist-ab.de\/index.php?rest_route=%2Fwp%2Fv2%2Ftags&post=330"}],"curies":[{"name":"wp","href":"https:\/\/api.w.org\/{rel}","templated":true}]}}