{"id":294,"date":"2013-10-07T10:39:15","date_gmt":"2013-10-07T08:39:15","guid":{"rendered":"http:\/\/wp.internist-ab.de\/?p=294"},"modified":"2013-10-07T10:46:00","modified_gmt":"2013-10-07T08:46:00","slug":"mythen-und-fakten-zur-grippeimpfung","status":"publish","type":"post","link":"https:\/\/wp.internist-ab.de\/?p=294","title":{"rendered":"Mythen und Fakten zur Grippeimpfung"},"content":{"rendered":"<h2>Grippeimpfung &#8211; weshalb?<\/h2>\n<p>Die saisonale Influenza ist eine potentiell t\u00f6dliche Erkrankung, die mit der normalen Feld-Wald-Wiesen-Grippe NICHTS zu tun hat. Alle 30-40 Jahre wird die Welt von einer Influenzawelle \u00fcberrollt, die zuletzt Ende der 60er-Jahre Millionen von Toten gefordert hat, zuvor 1918\/19 \u00fcber 18 Millionen Tote. Die damals &#8222;Spanische Grippe&#8220; genannte Erkrankung war eine Variante der Vogelgrippe, der die Menschheit vor wenigen Jahren mit nur viel Gl\u00fcck vorerst entgangen ist . Die n\u00e4chste Pandemie ist schon lange \u00fcberf\u00e4llig.<\/p>\n<p>Jeder Geimpfte kann keinen anderen anstecken und sch\u00fctzt so alle vor einer m\u00f6glichen Pandemie.\u00a0 Lassen Sie sich bitte j\u00e4hrlich impfen. In Bayern wird die Impfung f\u00fcr alle Patienten von den Krankenkassen \u00fcbernommen.<\/p>\n<h2>Die h\u00e4ufigsten Irrt\u00fcmer zur Grippeimpfung<\/h2>\n<p style=\"padding-left: 30px;\"><span style=\"color: #808080;\"><strong>&#8222;Ich bin nach der Impfung erst richtig krank geworden.&#8220;<\/strong><\/span><br \/>\nDer Impfstoff enth\u00e4lt ausschliesslich abget\u00f6tete Materialien. Eine leichte Impfreaktion an der Impfstelle ist normal, aber dar\u00fcber hinaus kann der Impfstoff nicht krankmachen. Es ist schwer, das \u00fcberzeugend zu vermitteln, aber Sie w\u00e4ren auch ohne die Impfung erkrankt.<\/p>\n<p style=\"padding-left: 30px;\"><span style=\"color: #808080;\"><strong>&#8222;Impfungen schw\u00e4chen das Immunsystem.&#8220;<\/strong><\/span><br \/>\nFalsch. Es wird dadurch erst in die Lage versetzt, bestimmten Erregern aktiv zu begegnen.<\/p>\n<p style=\"padding-left: 30px;\"><span style=\"color: #808080;\"><strong>&#8222;Impfungen verursachen andere Krankheiten.&#8220;<\/strong><\/span><br \/>\nDas ist ein Gruselm\u00e4rchen, das keiner wissenschaftlichen \u00dcberpr\u00fcfung standh\u00e4lt.<\/p>\n","protected":false},"excerpt":{"rendered":"<p>Grippeimpfung &#8211; weshalb? Die saisonale Influenza ist eine potentiell t\u00f6dliche Erkrankung, die mit der normalen Feld-Wald-Wiesen-Grippe NICHTS zu tun hat. Alle 30-40 Jahre wird die Welt von einer Influenzawelle \u00fcberrollt, die zuletzt Ende der 60er-Jahre Millionen von Toten gefordert hat,<\/p>\n","protected":false},"author":1,"featured_media":0,"comment_status":"closed","ping_status":"closed","sticky":false,"template":"","format":"standard","meta":{"footnotes":""},"categories":[1],"tags":[],"class_list":["post-294","post","type-post","status-publish","format-standard","hentry","category-allgemeines"],"_links":{"self":[{"href":"https:\/\/wp.internist-ab.de\/index.php?rest_route=\/wp\/v2\/posts\/294","targetHints":{"allow":["GET"]}}],"collection":[{"href":"https:\/\/wp.internist-ab.de\/index.php?rest_route=\/wp\/v2\/posts"}],"about":[{"href":"https:\/\/wp.internist-ab.de\/index.php?rest_route=\/wp\/v2\/types\/post"}],"author":[{"embeddable":true,"href":"https:\/\/wp.internist-ab.de\/index.php?rest_route=\/wp\/v2\/users\/1"}],"replies":[{"embeddable":true,"href":"https:\/\/wp.internist-ab.de\/index.php?rest_route=%2Fwp%2Fv2%2Fcomments&post=294"}],"version-history":[{"count":6,"href":"https:\/\/wp.internist-ab.de\/index.php?rest_route=\/wp\/v2\/posts\/294\/revisions"}],"predecessor-version":[{"id":300,"href":"https:\/\/wp.internist-ab.de\/index.php?rest_route=\/wp\/v2\/posts\/294\/revisions\/300"}],"wp:attachment":[{"href":"https:\/\/wp.internist-ab.de\/index.php?rest_route=%2Fwp%2Fv2%2Fmedia&parent=294"}],"wp:term":[{"taxonomy":"category","embeddable":true,"href":"https:\/\/wp.internist-ab.de\/index.php?rest_route=%2Fwp%2Fv2%2Fcategories&post=294"},{"taxonomy":"post_tag","embeddable":true,"href":"https:\/\/wp.internist-ab.de\/index.php?rest_route=%2Fwp%2Fv2%2Ftags&post=294"}],"curies":[{"name":"wp","href":"https:\/\/api.w.org\/{rel}","templated":true}]}}