{"id":1946,"date":"2025-01-17T23:36:28","date_gmt":"2025-01-17T22:36:28","guid":{"rendered":"https:\/\/wp.internist-ab.de\/?p=1946"},"modified":"2026-03-25T13:18:17","modified_gmt":"2026-03-25T12:18:17","slug":"einstellung-dmp-buerokratischer-aufwand-nicht-mehr-leistbar","status":"publish","type":"post","link":"https:\/\/wp.internist-ab.de\/?p=1946","title":{"rendered":"Einstellung DMP &#8211; b\u00fcrokratischer Aufwand nicht mehr leistbar"},"content":{"rendered":"<p><span style=\"color: #000000;\">Die sogenannten Chronikerprogramme der Krankenkassen (\u201c<span style=\"color: #0000ff;\"><strong><a style=\"color: #0000ff;\" href=\"https:\/\/www.kbv.de\/html\/dmp.php\" target=\"_blank\" rel=\"noopener\">DMP<\/a><\/strong><\/span>\u201c) werden bei uns vorerst nicht mehr weitergef\u00fchrt.<\/span><\/p>\n<p><span style=\"color: #000000;\">Der immer weiter ausufernde b\u00fcrokratische Aufwand f\u00fcr diese Programme und der damit verbundene Zeitaufwand sind personell einfach nicht mehr leistbar und f\u00fcr niemanden ausser den Krankenkassen von Nutzen.<\/span><\/p>\n<p><span style=\"color: #000000;\"><strong>Wichtig:<\/strong> <strong>F\u00fcr Sie als Patienten macht das keinen Unterschied.<br \/>\n<\/strong>Sie werden genauso gr\u00fcndlich und regelm\u00e4ssig untersucht und behandelt wie bisher auch. An unseren evidenzbasierten Standards \u00e4ndert sich nichts.<\/span><\/p>\n<p>&nbsp;<\/p>\n","protected":false},"excerpt":{"rendered":"<p>Die sogenannten Chronikerprogramme der Krankenkassen (\u201cDMP\u201c) werden bei uns vorerst nicht mehr weitergef\u00fchrt. Der immer weiter ausufernde b\u00fcrokratische Aufwand f\u00fcr diese Programme und der damit verbundene Zeitaufwand sind personell einfach nicht mehr leistbar und f\u00fcr niemanden ausser den Krankenkassen von<\/p>\n","protected":false},"author":1,"featured_media":0,"comment_status":"closed","ping_status":"closed","sticky":false,"template":"","format":"standard","meta":{"footnotes":""},"categories":[1],"tags":[271,273,270,272],"class_list":["post-1946","post","type-post","status-publish","format-standard","hentry","category-allgemeines","tag-besser-leben","tag-chronikerprogramm","tag-curaplan","tag-dmp"],"_links":{"self":[{"href":"https:\/\/wp.internist-ab.de\/index.php?rest_route=\/wp\/v2\/posts\/1946","targetHints":{"allow":["GET"]}}],"collection":[{"href":"https:\/\/wp.internist-ab.de\/index.php?rest_route=\/wp\/v2\/posts"}],"about":[{"href":"https:\/\/wp.internist-ab.de\/index.php?rest_route=\/wp\/v2\/types\/post"}],"author":[{"embeddable":true,"href":"https:\/\/wp.internist-ab.de\/index.php?rest_route=\/wp\/v2\/users\/1"}],"replies":[{"embeddable":true,"href":"https:\/\/wp.internist-ab.de\/index.php?rest_route=%2Fwp%2Fv2%2Fcomments&post=1946"}],"version-history":[{"count":6,"href":"https:\/\/wp.internist-ab.de\/index.php?rest_route=\/wp\/v2\/posts\/1946\/revisions"}],"predecessor-version":[{"id":2056,"href":"https:\/\/wp.internist-ab.de\/index.php?rest_route=\/wp\/v2\/posts\/1946\/revisions\/2056"}],"wp:attachment":[{"href":"https:\/\/wp.internist-ab.de\/index.php?rest_route=%2Fwp%2Fv2%2Fmedia&parent=1946"}],"wp:term":[{"taxonomy":"category","embeddable":true,"href":"https:\/\/wp.internist-ab.de\/index.php?rest_route=%2Fwp%2Fv2%2Fcategories&post=1946"},{"taxonomy":"post_tag","embeddable":true,"href":"https:\/\/wp.internist-ab.de\/index.php?rest_route=%2Fwp%2Fv2%2Ftags&post=1946"}],"curies":[{"name":"wp","href":"https:\/\/api.w.org\/{rel}","templated":true}]}}