{"id":1915,"date":"2024-02-02T19:32:14","date_gmt":"2024-02-02T18:32:14","guid":{"rendered":"https:\/\/wp.internist-ab.de\/?p=1915"},"modified":"2024-11-21T07:13:52","modified_gmt":"2024-11-21T06:13:52","slug":"die-elektronische-patientenakte-und-ihre-daten","status":"publish","type":"post","link":"https:\/\/wp.internist-ab.de\/?p=1915","title":{"rendered":"Die elektronische Patientenakte und Ihre Daten"},"content":{"rendered":"<p><span style=\"color: #000000;\">Die elektronische Patientenakte stellt aus der Sicht vieler Experten ein massives Datenschutzrisiko dar. <\/span><span style=\"color: #000000;\">Wir haben uns schon mehrfach zu diesem Thema ge\u00e4ussert und verweisen auf <a href=\"https:\/\/wp.internist-ab.de\/?p=1830\"><strong>diesen<\/strong><\/a> Beitrag.\u00a0 <\/span><\/p>\n<p><span style=\"color: #000000;\">Die <a href=\"https:\/\/www.tagesschau.de\/\" target=\"_blank\" rel=\"noopener\"><strong>Tagesschau<\/strong><\/a> der ARD hat am 24.1. 2024 einen Beitrag zum Thema <a href=\"https:\/\/www.tagesschau.de\/investigativ\/swr\/elektronische-patientenakte-datenschutz-eu-deutschland-100.html\" target=\"_blank\" rel=\"noopener\"><strong>EU-Verordnung zum Europ\u00e4ischen Gesundheitsdatenraum (EHDS)<\/strong><\/a> ver\u00f6ffentlicht, der schlichtweg haarstr\u00e4ubende Zusammenh\u00e4nge aufzeigt. <\/span><\/p>\n<p><span style=\"color: #000000;\">Bitte beachten Sie, dass Sie der Einrichtung einer solchen elektronischen Patientenakte <strong>aktiv widersprechen m\u00fcssen<\/strong>, ansonsten richtet Ihre Krankenversicherung das automatisch und ohne Ihr Einverst\u00e4ndnis ein. <\/span><\/p>\n<p><span style=\"color: #000000;\">Wir k\u00f6nnen es nicht oft genug betonen: \u00fcberlegen Sie es sich bitte sehr gut, ob Sie wirklich wollen, dass Ihre komplette Krankengeschichte \u00fcber kurz oder lang europaweit\u00a0 &#8211; und damit de facto weltweit &#8211; zug\u00e4nglich ist. Und bedenken Sie bitte ferner, dass alles, was verschl\u00fcsselt werden kann, auch wieder entschl\u00fcsselt werden kann.<br \/>\n<\/span><\/p>\n","protected":false},"excerpt":{"rendered":"<p>Die elektronische Patientenakte stellt aus der Sicht vieler Experten ein massives Datenschutzrisiko dar. Wir haben uns schon mehrfach zu diesem Thema ge\u00e4ussert und verweisen auf diesen Beitrag.\u00a0 Die Tagesschau der ARD hat am 24.1. 2024 einen Beitrag zum Thema EU-Verordnung<\/p>\n","protected":false},"author":1,"featured_media":0,"comment_status":"closed","ping_status":"closed","sticky":false,"template":"","format":"standard","meta":{"footnotes":""},"categories":[1],"tags":[249,96,250,248,207,210,149],"class_list":["post-1915","post","type-post","status-publish","format-standard","hentry","category-allgemeines","tag-datenrisiko","tag-datenschutz","tag-ehds","tag-elektronische-patientenakte","tag-epa","tag-patientenakte","tag-patientendaten"],"_links":{"self":[{"href":"https:\/\/wp.internist-ab.de\/index.php?rest_route=\/wp\/v2\/posts\/1915","targetHints":{"allow":["GET"]}}],"collection":[{"href":"https:\/\/wp.internist-ab.de\/index.php?rest_route=\/wp\/v2\/posts"}],"about":[{"href":"https:\/\/wp.internist-ab.de\/index.php?rest_route=\/wp\/v2\/types\/post"}],"author":[{"embeddable":true,"href":"https:\/\/wp.internist-ab.de\/index.php?rest_route=\/wp\/v2\/users\/1"}],"replies":[{"embeddable":true,"href":"https:\/\/wp.internist-ab.de\/index.php?rest_route=%2Fwp%2Fv2%2Fcomments&post=1915"}],"version-history":[{"count":4,"href":"https:\/\/wp.internist-ab.de\/index.php?rest_route=\/wp\/v2\/posts\/1915\/revisions"}],"predecessor-version":[{"id":1919,"href":"https:\/\/wp.internist-ab.de\/index.php?rest_route=\/wp\/v2\/posts\/1915\/revisions\/1919"}],"wp:attachment":[{"href":"https:\/\/wp.internist-ab.de\/index.php?rest_route=%2Fwp%2Fv2%2Fmedia&parent=1915"}],"wp:term":[{"taxonomy":"category","embeddable":true,"href":"https:\/\/wp.internist-ab.de\/index.php?rest_route=%2Fwp%2Fv2%2Fcategories&post=1915"},{"taxonomy":"post_tag","embeddable":true,"href":"https:\/\/wp.internist-ab.de\/index.php?rest_route=%2Fwp%2Fv2%2Ftags&post=1915"}],"curies":[{"name":"wp","href":"https:\/\/api.w.org\/{rel}","templated":true}]}}