{"id":1867,"date":"2023-12-03T21:00:54","date_gmt":"2023-12-03T20:00:54","guid":{"rendered":"https:\/\/wp.internist-ab.de\/?p=1867"},"modified":"2023-12-03T21:03:03","modified_gmt":"2023-12-03T20:03:03","slug":"erhalt-der-ambulanten-versorgung","status":"publish","type":"post","link":"https:\/\/wp.internist-ab.de\/?p=1867","title":{"rendered":"Erhalt der ambulanten Versorgung"},"content":{"rendered":"\n<p>Derzeit steht die Sicherstellung der Gesundheitsversorgung in Deutschland auf dem Spiel. <\/p>\n\n\n\n<p>Die wohnortnahe, fl\u00e4chendeckende und qualitativ hochwertige ambulante Versorgung rund um die Uhr war ein Wert, der unser Land ausgezeichnet hat und den die B\u00fcrgerinnen und B\u00fcrger sch\u00e4tzten. Jetzt aber stehen die Praxen vor dem Kollaps, sie arbeiten bis zum Anschlag und ihre Kr\u00e4fte gehen zur Neige.<\/p>\n\n\n\n<p>Die Bundes\u00e4rztekammer hat eine Petition an den Bundestag auf den Weg gebracht, um die Rahmenbedingungen f\u00fcr die ambulante Versorgung zu verbessern. Damit diese Petition auf Regierungsebene diskutiert werden kann, bedarf es eine unterzeichnerzahl von mindestens 50.000 Menschen. Dieses Ziel ist noch lange nicht erreicht, die Unterzeichnungsfrist l\u00e4uft noch bis zum 20.12.2023. <\/p>\n\n\n\n<p>Jeder Mensch in Deutschland darf diese Petition unterzeichnen und sollte es auch tun, sonst wird die Zahl der Haus- und Fach\u00e4rzte in den n\u00e4chsten Jahren weiter drastisch abnehmen.<\/p>\n\n\n\n<p>Hier finden Sie den Link zur Petition:<\/p>\n\n\n\n<p><a href=\"https:\/\/epetitionen.bundestag.de\/petitionen\/_2023\/_10\/_15\/Petition_158622.nc.html\">https:\/\/epetitionen.bundestag.de\/petitionen\/_2023\/_10\/_15\/Petition_158622.nc.html<\/a><\/p>\n\n\n\n<p><\/p>\n","protected":false},"excerpt":{"rendered":"<p>Derzeit steht die Sicherstellung der Gesundheitsversorgung in Deutschland auf dem Spiel. Die wohnortnahe, fl\u00e4chendeckende und qualitativ hochwertige ambulante Versorgung rund um die Uhr war ein Wert, der unser Land ausgezeichnet hat und den die B\u00fcrgerinnen und B\u00fcrger sch\u00e4tzten. Jetzt aber<\/p>\n","protected":false},"author":1,"featured_media":0,"comment_status":"closed","ping_status":"closed","sticky":false,"template":"","format":"standard","meta":{"footnotes":""},"categories":[1],"tags":[241,240,242,239],"class_list":["post-1867","post","type-post","status-publish","format-standard","hentry","category-allgemeines","tag-facharzt","tag-hausarzt","tag-medizinische-versorgung","tag-petition"],"_links":{"self":[{"href":"https:\/\/wp.internist-ab.de\/index.php?rest_route=\/wp\/v2\/posts\/1867","targetHints":{"allow":["GET"]}}],"collection":[{"href":"https:\/\/wp.internist-ab.de\/index.php?rest_route=\/wp\/v2\/posts"}],"about":[{"href":"https:\/\/wp.internist-ab.de\/index.php?rest_route=\/wp\/v2\/types\/post"}],"author":[{"embeddable":true,"href":"https:\/\/wp.internist-ab.de\/index.php?rest_route=\/wp\/v2\/users\/1"}],"replies":[{"embeddable":true,"href":"https:\/\/wp.internist-ab.de\/index.php?rest_route=%2Fwp%2Fv2%2Fcomments&post=1867"}],"version-history":[{"count":2,"href":"https:\/\/wp.internist-ab.de\/index.php?rest_route=\/wp\/v2\/posts\/1867\/revisions"}],"predecessor-version":[{"id":1869,"href":"https:\/\/wp.internist-ab.de\/index.php?rest_route=\/wp\/v2\/posts\/1867\/revisions\/1869"}],"wp:attachment":[{"href":"https:\/\/wp.internist-ab.de\/index.php?rest_route=%2Fwp%2Fv2%2Fmedia&parent=1867"}],"wp:term":[{"taxonomy":"category","embeddable":true,"href":"https:\/\/wp.internist-ab.de\/index.php?rest_route=%2Fwp%2Fv2%2Fcategories&post=1867"},{"taxonomy":"post_tag","embeddable":true,"href":"https:\/\/wp.internist-ab.de\/index.php?rest_route=%2Fwp%2Fv2%2Ftags&post=1867"}],"curies":[{"name":"wp","href":"https:\/\/api.w.org\/{rel}","templated":true}]}}