{"id":1855,"date":"2023-11-28T20:55:06","date_gmt":"2023-11-28T19:55:06","guid":{"rendered":"https:\/\/wp.internist-ab.de\/?p=1855"},"modified":"2023-11-28T20:55:06","modified_gmt":"2023-11-28T19:55:06","slug":"grippe-corona-erkaeltungen-und-die-maske","status":"publish","type":"post","link":"https:\/\/wp.internist-ab.de\/?p=1855","title":{"rendered":"Grippe, Corona, Erk\u00e4ltungen und die Maske"},"content":{"rendered":"<p><span style=\"color: #000000;\">In jeder Zeitung wird derzeit \u00fcber die hohen Krankenst\u00e4nde in der Bev\u00f6lkerung berichtet.\u00a0 Auch in den Arztpraxen reiht sich Infekt an Infekt, grippale Infekte, Influenza\u00a0 und Corona. Das ist bei uns leider nicht anders.\u00a0 Deshalb empfehlen wir Ihnen in Ihrem eigenen Interesse das Tragen von Schutzmasken.<\/span><\/p>\n","protected":false},"excerpt":{"rendered":"<p>In jeder Zeitung wird derzeit \u00fcber die hohen Krankenst\u00e4nde in der Bev\u00f6lkerung berichtet.\u00a0 Auch in den Arztpraxen reiht sich Infekt an Infekt, grippale Infekte, Influenza\u00a0 und Corona. Das ist bei uns leider nicht anders.\u00a0 Deshalb empfehlen wir Ihnen in Ihrem<\/p>\n","protected":false},"author":1,"featured_media":0,"comment_status":"closed","ping_status":"closed","sticky":false,"template":"","format":"standard","meta":{"footnotes":""},"categories":[1,193],"tags":[152,154,223,4,168],"class_list":["post-1855","post","type-post","status-publish","format-standard","hentry","category-allgemeines","category-corona","tag-corona","tag-covid","tag-erkaeltung","tag-grippe","tag-maske"],"_links":{"self":[{"href":"https:\/\/wp.internist-ab.de\/index.php?rest_route=\/wp\/v2\/posts\/1855","targetHints":{"allow":["GET"]}}],"collection":[{"href":"https:\/\/wp.internist-ab.de\/index.php?rest_route=\/wp\/v2\/posts"}],"about":[{"href":"https:\/\/wp.internist-ab.de\/index.php?rest_route=\/wp\/v2\/types\/post"}],"author":[{"embeddable":true,"href":"https:\/\/wp.internist-ab.de\/index.php?rest_route=\/wp\/v2\/users\/1"}],"replies":[{"embeddable":true,"href":"https:\/\/wp.internist-ab.de\/index.php?rest_route=%2Fwp%2Fv2%2Fcomments&post=1855"}],"version-history":[{"count":2,"href":"https:\/\/wp.internist-ab.de\/index.php?rest_route=\/wp\/v2\/posts\/1855\/revisions"}],"predecessor-version":[{"id":1857,"href":"https:\/\/wp.internist-ab.de\/index.php?rest_route=\/wp\/v2\/posts\/1855\/revisions\/1857"}],"wp:attachment":[{"href":"https:\/\/wp.internist-ab.de\/index.php?rest_route=%2Fwp%2Fv2%2Fmedia&parent=1855"}],"wp:term":[{"taxonomy":"category","embeddable":true,"href":"https:\/\/wp.internist-ab.de\/index.php?rest_route=%2Fwp%2Fv2%2Fcategories&post=1855"},{"taxonomy":"post_tag","embeddable":true,"href":"https:\/\/wp.internist-ab.de\/index.php?rest_route=%2Fwp%2Fv2%2Ftags&post=1855"}],"curies":[{"name":"wp","href":"https:\/\/api.w.org\/{rel}","templated":true}]}}