{"id":1830,"date":"2023-11-12T19:57:37","date_gmt":"2023-11-12T18:57:37","guid":{"rendered":"https:\/\/wp.internist-ab.de\/?p=1830"},"modified":"2024-01-31T21:45:51","modified_gmt":"2024-01-31T20:45:51","slug":"elektronische-patientenakte-der-glaeserne-patient","status":"publish","type":"post","link":"https:\/\/wp.internist-ab.de\/?p=1830","title":{"rendered":"Elektronische Patientenakte &#8211; Der gl\u00e4serne Patient"},"content":{"rendered":"<p><span style=\"color: #000000;\">Die Digitalisierung in der Medizin wird seitens des Gesundheitsministerium mit Gewalt vorangetrieben. Das hat erhebliche Konsequenzen f\u00fcr Sie als Patienten, \u00fcber die Sie informiert sein m\u00fcssen.<\/span><\/p>\n<p><span style=\"color: #000000;\">Ab Januar 2025 wird die elektronische Patientenakte (<span style=\"color: #333399;\"><strong><a style=\"color: #333399;\" href=\"https:\/\/www.zdf.de\/nachrichten\/panorama\/elektronische-patientenakte-krankengeschichte-digital-100.html\" target=\"_blank\" rel=\"noopener\">ePA<\/a><\/strong><\/span>) Pflicht f\u00fcr alle gesetzlich Versicherten. Sofern Sie nicht aktiv Einspruch dagegen einlegen, werden ab diesem Zeitpunkt alle Ihre medizinischen Befunde &#8211; alte wie neue &#8211; zwangsweise in einer Cloud gespeichert, die auf Servern im Internet gelagert wird. <\/span><\/p>\n<p><span style=\"color: #000000;\">Sofern der <span style=\"color: #333399;\"><strong><a style=\"color: #333399;\" href=\"https:\/\/dserver.bundestag.de\/btd\/20\/090\/2009046.pdf\" target=\"_blank\" rel=\"noopener\">Gesetzentwurf der Bundesregierung<\/a><\/strong><\/span> vom 1.11.2023 greift, d\u00fcrfen diese Daten dann ohne Ihre Zustimmung an Dritte weitergegeben werden; die Schweigepflicht wird faktisch abgeschafft.<\/span><\/p>\n<p><span style=\"color: #000000;\">Wenn Sie nicht damit einverstanden sind, dass Versicherungen, Pharma- und Marktforschungsunternehmen Ihre ganz pers\u00f6nlichen und intimsten Gesundheitsdaten ganz offiziell mitlesen k\u00f6nnen, m\u00fcssen Sie aktiv der Nutzung der ePA widersprechen. Wenn Sie das nicht tun, geht der Gesetzgeber<\/span><span style=\"color: #333399;\"><strong> <a style=\"color: #333399;\" href=\"https:\/\/www.bundestag.de\/dokumente\/textarchiv\/2023\/kw45-de-digitalisierung-gesundheitswesen-973138\" target=\"_blank\" rel=\"noopener\">automatisch von Ihrem Einverst\u00e4ndnis<\/a><\/strong><\/span> <span style=\"color: #000000;\">aus.<\/span><\/p>\n<p><span style=\"color: #000000;\">Aus unserer Sicht muss klargestellt werden, dass es sicherlich sinnvoll ist, eine Patientenakte nicht in Papierform, sondern komplett digital zu f\u00fchren &#8211; was wir seit fast 20 Jahren konsequent tun. Aber eine Speicherung derart sensibler Daten in einer Cloud im Internet kann nicht die L\u00f6sung sein. Und wer sagt,<\/span> <span style=\"color: #333399;\"><strong><a style=\"color: #333399;\" href=\"https:\/\/wp.internist-ab.de\/?p=1024\" target=\"_blank\" rel=\"noopener\">dass Daten in einer Cloud sicher seien<\/a><\/strong><\/span>, <span style=\"color: #000000;\">glaubt auch an den Weihnachtsmann. <\/span><\/p>\n<p><span style=\"color: #000000;\">Ohne Struktur ist die ePA lediglich ein ungeordnetes Sammelsurium von Schriftst\u00fccken.\u00a0 Die medizinische Behandlung wird dadurch sicherlich nicht verbessert. Und &#8211; nicht zu vergessen: die Befunderstellung wird dadurch keinesfalls beschleunigt.<br \/>\n<\/span><\/p>\n<p><span style=\"color: #000000;\">Wir verweisen auf<\/span> <span style=\"color: #333399;\"><a style=\"color: #333399;\" href=\"https:\/\/www.heise.de\/news\/Datenschutz-bei-E-Patientenakte-Gesundheitsdaten-Bullerbue-realitaetsfern-9357678.html\" target=\"_blank\" rel=\"noopener\"><strong>diesen sehr aufschlu\u00dfreichen aktuellen Artikel<\/strong><\/a><\/span> <span style=\"color: #000000;\">aus der renommierten IT-Zeitschrift c&#8217;t, dem nichts hinzuzuf\u00fcgen ist.<\/span><\/p>\n<p><span style=\"color: #000000;\">Bitte \u00fcberlegen Sie sich deshalb bitte <em>sehr<\/em> gr\u00fcndlich, ob Sie die ePA in ihrer gegenw\u00e4rtigen Form wirklich nutzen wollen. Zum jetzigen Zeitpunkt raten wir davon ab.<br \/>\n<\/span><\/p>\n<p>&nbsp;<\/p>\n","protected":false},"excerpt":{"rendered":"<p>Die Digitalisierung in der Medizin wird seitens des Gesundheitsministerium mit Gewalt vorangetrieben. Das hat erhebliche Konsequenzen f\u00fcr Sie als Patienten, \u00fcber die Sie informiert sein m\u00fcssen. Ab Januar 2025 wird die elektronische Patientenakte (ePA) Pflicht f\u00fcr alle gesetzlich Versicherten. Sofern<\/p>\n","protected":false},"author":1,"featured_media":0,"comment_status":"closed","ping_status":"closed","sticky":false,"template":"","format":"standard","meta":{"footnotes":""},"categories":[1],"tags":[134,237,207,238],"class_list":["post-1830","post","type-post","status-publish","format-standard","hentry","category-allgemeines","tag-cloud","tag-elektronischatensicherheit","tag-epa","tag-widerspruch"],"_links":{"self":[{"href":"https:\/\/wp.internist-ab.de\/index.php?rest_route=\/wp\/v2\/posts\/1830","targetHints":{"allow":["GET"]}}],"collection":[{"href":"https:\/\/wp.internist-ab.de\/index.php?rest_route=\/wp\/v2\/posts"}],"about":[{"href":"https:\/\/wp.internist-ab.de\/index.php?rest_route=\/wp\/v2\/types\/post"}],"author":[{"embeddable":true,"href":"https:\/\/wp.internist-ab.de\/index.php?rest_route=\/wp\/v2\/users\/1"}],"replies":[{"embeddable":true,"href":"https:\/\/wp.internist-ab.de\/index.php?rest_route=%2Fwp%2Fv2%2Fcomments&post=1830"}],"version-history":[{"count":23,"href":"https:\/\/wp.internist-ab.de\/index.php?rest_route=\/wp\/v2\/posts\/1830\/revisions"}],"predecessor-version":[{"id":1908,"href":"https:\/\/wp.internist-ab.de\/index.php?rest_route=\/wp\/v2\/posts\/1830\/revisions\/1908"}],"wp:attachment":[{"href":"https:\/\/wp.internist-ab.de\/index.php?rest_route=%2Fwp%2Fv2%2Fmedia&parent=1830"}],"wp:term":[{"taxonomy":"category","embeddable":true,"href":"https:\/\/wp.internist-ab.de\/index.php?rest_route=%2Fwp%2Fv2%2Fcategories&post=1830"},{"taxonomy":"post_tag","embeddable":true,"href":"https:\/\/wp.internist-ab.de\/index.php?rest_route=%2Fwp%2Fv2%2Ftags&post=1830"}],"curies":[{"name":"wp","href":"https:\/\/api.w.org\/{rel}","templated":true}]}}