{"id":1797,"date":"2023-10-16T20:34:07","date_gmt":"2023-10-16T18:34:07","guid":{"rendered":"https:\/\/wp.internist-ab.de\/?p=1797"},"modified":"2023-10-16T21:10:07","modified_gmt":"2023-10-16T19:10:07","slug":"praxenkollaps-praxis-weg-gesundheit-weg","status":"publish","type":"post","link":"https:\/\/wp.internist-ab.de\/?p=1797","title":{"rendered":"F\u00fcnf vor Zw\u00f6lf: PraxenKollaps &#8211; Praxis weg. Gesundheit weg."},"content":{"rendered":"<h5><\/h5>\n<p><span style=\"text-decoration: underline;\"><span style=\"color: #000000; text-decoration: underline;\">Es ist f\u00fcnf vor zw\u00f6lf. Wenn die Politik nicht bald aktiv wird, wird es die medizinische Versorgung, so wie die B\u00fcrger sie sch\u00e4tzen, bald nicht mehr geben.<\/span><\/span><\/p>\n<p><span style=\"font-size: 10pt;\"><em>Quellen:<\/em><a href=\"https:\/\/www.kbv.de\/html\/1150_65956.php\" target=\"_blank\" rel=\"noopener\"> https:\/\/www.kbv.de\/html\/1150_65956.php<\/a><\/span> <span style=\"font-size: 10pt; color: #000000;\">und<\/span>\u00a0 <a href=\"https:\/\/www.kbv.de\/html\/praxenkollaps.php\" target=\"_blank\" rel=\"noopener\"><span style=\"font-size: 10pt;\">https:\/\/www.kbv.de\/html\/praxenkollaps.php<\/span><\/a><\/p>\n<h4><\/h4>\n<h4><span style=\"color: #000000;\">Petition: \u00c4rzte und Patienten machen Druck<\/span><\/h4>\n<p><span style=\"color: #000000;\">Mitte Oktober startete eine Petition beim Deutschen Bundestag mit dem Ziel, die Politiker f\u00fcr die Probleme der ambulanten Versorgung zu sensibilisieren. Wir brauchen so viele Unterschriften wie m\u00f6glich, um eine gr\u00f6\u00dftm\u00f6gliche Sichtbarkeit f\u00fcr unser Anliegen zu bekommen.<\/span><\/p>\n<p><span style=\"color: #000000;\">Mit der Petition wird gefordert, die Rahmenbedingungen f\u00fcr die ambulante Versorgung zu verbessern. Derzeit steht die Sicherstellung dieser Gesundheitsversorgung in Deutschland auf dem Spiel. Die wohnortnahe, fl\u00e4chendeckende und qualitativ hochwertige ambulante Versorgung rund um die Uhr war ein Wert, der unser Land ausgezeichnet hat und den die B\u00fcrgerinnen und B\u00fcrger sch\u00e4tzten. Jetzt aber stehen die Praxen vor dem Kollaps, sie arbeiten bis zum Anschlag und ihre Kr\u00e4fte gehen zur Neige.<\/span><\/p>\n<p><span style=\"color: #000000;\">Die <a href=\"http:\/\/www.kbv.de\" target=\"_blank\" rel=\"noopener\">KBV<\/a> und die <a href=\"http:\/\/kvb.de\" target=\"_blank\" rel=\"noopener\">Kassen\u00e4rztlichen Vereinigungen<\/a> haben mehrere Aktionen gestartet, um auf die Krise aufmerksam zu machen. \u00c4rzte, Psychotherapeuten, Praxispersonal und Patienten sind aufgerufen, die Aktionen zu unterst\u00fctzen und die Politik zum Handeln aufzufordern.<\/span><\/p>\n<p><span style=\"color: #000000;\">Die Unterschriftslisten, mehr Informationen und Plakate zum Verteilen sind <a href=\"https:\/\/www.kbv.de\/media\/sp\/PraxenKollaps_Petition_Unterschriftenliste.pdf\" target=\"_blank\" rel=\"noopener\">hier<\/a> und <a href=\"https:\/\/www.kbv.de\/media\/sp\/PraxenKollaps_Petition_Aushang_mitPetion.pdf\" target=\"_blank\" rel=\"noopener\">hier<\/a> zu finden. Bitte teilen Sie diesen Aufruf breitfl\u00e4chig, denn <strong>Sie<\/strong> wollen auch in Zukunft eine medizinische Versorgung wie bisher haben.<br \/>\n<\/span><\/p>\n<h4><\/h4>\n<h4><span style=\"color: #000000;\">Um was geht es?<\/span><\/h4>\n<p><span style=\"color: #000000;\">Das ambulante System wird seit Jahren kaputtgespart, es fehlt massiv an Personal und der B\u00fcrokratieaufwand wird immer gr\u00f6\u00dfer. Immer mehr \u00c4rztinnen und \u00c4rzte, Psycho-<\/span><br \/>\n<span style=\"color: #000000;\">therapeutinnen und Psychotherapeuten sowie Praxismitarbeitende resignieren und fl\u00fcchten aus dem System.<\/span><\/p>\n<p><span style=\"color: #000000;\">Die Bundesregierung hat vielfach versprochen, die fl\u00e4chendeckende ambulante Versorgung zu st\u00e4rken, bisher hat sie aber f\u00fcr die St\u00e4rkung der Praxen nichts getan. Stattdessen begegnet sie ihnen mit mangelnder Wertsch\u00e4tzung. Damit gef\u00e4hrdet sie akut die Sicherstellung der ambulanten medizinischen und psychotherapeutischen Versorgung der Menschen in unserem Land.<\/span><\/p>\n<p>&nbsp;<\/p>\n<h4><span style=\"color: #000000;\">Was brauchen die Praxen konkret, um weiterhin ihre Patientinnen und Patienten gut behandeln zu k\u00f6nnen?<\/span><\/h4>\n<p>&nbsp;<\/p>\n<p><span style=\"color: #000000;\">1. EINE TRAGF\u00c4HIGE FINANZIERUNG: Kostensteigerungen und Inflation m\u00fcssen unmittelbar ber\u00fccksichtigt werden.<\/span><\/p>\n<p><span style=\"color: #000000;\">2. DIE ABSCHAFFUNG DER BUDGETS: Praxen m\u00fcssen f\u00fcr die Leistungen bezahlt werden, die sie t\u00e4glich erbringen.<\/span><\/p>\n<p><span style=\"color: #000000;\">3. DIE UMSETZUNG DER AMBULANTISIERUNG: Mehr ambulante statt station\u00e4rer Operationen. Das erspart den Patientinnen und Patienten unn\u00f6tige Krankenhausaufenthalte und dem Gesundheitssystem auf Dauer Kosten. Und es entlastet zus\u00e4tzlich die Krankenh\u00e4user.<\/span><\/p>\n<p><span style=\"color: #000000;\">4. EINE SINNVOLLE DIGITALISIERUNG: Abl\u00e4ufe in den Praxen d\u00fcrfen nicht zulasten der Versorgung und damit der Patientinnen und Patienten behindert werden, die Technik muss nutzerfreundlich und funktionsf\u00e4hig sein &#8211; was sie nicht ist.<\/span><\/p>\n<p><span style=\"color: #000000;\">5. MEHR WEITERBILDUNG IN PRAXEN: Die \u00e4rztliche und psychotherapeutische Weiterbildung muss dort stattfinden,wo die Kolleginnen und Kollegen gebraucht werden.<\/span><\/p>\n<p><span style=\"color: #000000;\">6. WENIGER B\u00dcROKRATIE: Die Medizin muss im Vordergrund stehen und nicht der \u201ePapierkram\u201c.<\/span><\/p>\n<p><span style=\"color: #000000;\">7. KEINE REGRESSE: Medizinisch unsinnige Wirtschaftlichkeitspr\u00fcfungen geh\u00f6ren abgeschafft. \u00c4rztinnen und \u00c4rzte m\u00fcssen ihren Patientinnen und Patienten das verschreiben d\u00fcrfen, was medizinisch sinnvoll und notwendig ist \u2013 ohne bef\u00fcrchten zu m\u00fcssen, verordnete Medikamente oder andere Leistungen sp\u00e4ter aus eigener Tasche bezahlen zu m\u00fcssen &#8211; was leider nur zu oft der Fall ist.<\/span><\/p>\n<p>&nbsp;<\/p>\n<p><span style=\"color: #000000;\">Diese Ver\u00e4nderungen sind f\u00fcr die zuk\u00fcnftige Generation von Medizinerinnen und Medizinern sowie Psychotherapeutinnen und Psychotherapeuten entscheidend, damit diese k\u00fcnftig wieder bereit ist, eine Praxis zu \u00fcbernehmen oder zu gr\u00fcnden.<\/span><\/p>\n<p><span style=\"color: #000000;\">Die \u00e4rztlichen Praxen bilden neben der von allen gesch\u00e4tzten wohnortnahen niederschwelligen Versorgung auch ein wichtiges soziales regionales Netzwerk. Sie sind Versorger, Ansprechpartner, Arbeitgeber und Ausbildungsst\u00e4tte. Diese bew\u00e4hrten Strukturen gilt es zu erhalten. Gemeinsam setzen wir uns daf\u00fcr ein, dass die Rahmenbedingungen f\u00fcr die ambulante Versorgung in diesem Sinne verbessert werden, damit auch in Zukunft Patientinnen und Patienten auf eine wohnortnahe, fl\u00e4chendeckende und qualitativ hochwertige Versorgung bauen k\u00f6nnen.<\/span><\/p>\n","protected":false},"excerpt":{"rendered":"<p>Es ist f\u00fcnf vor zw\u00f6lf. Wenn die Politik nicht bald aktiv wird, wird es die medizinische Versorgung, so wie die B\u00fcrger sie sch\u00e4tzen, bald nicht mehr geben. Quellen: https:\/\/www.kbv.de\/html\/1150_65956.php und\u00a0 https:\/\/www.kbv.de\/html\/praxenkollaps.php Petition: \u00c4rzte und Patienten machen Druck Mitte Oktober startete<\/p>\n","protected":false},"author":1,"featured_media":0,"comment_status":"closed","ping_status":"closed","sticky":false,"template":"","format":"standard","meta":{"footnotes":""},"categories":[1],"tags":[],"class_list":["post-1797","post","type-post","status-publish","format-standard","hentry","category-allgemeines"],"_links":{"self":[{"href":"https:\/\/wp.internist-ab.de\/index.php?rest_route=\/wp\/v2\/posts\/1797","targetHints":{"allow":["GET"]}}],"collection":[{"href":"https:\/\/wp.internist-ab.de\/index.php?rest_route=\/wp\/v2\/posts"}],"about":[{"href":"https:\/\/wp.internist-ab.de\/index.php?rest_route=\/wp\/v2\/types\/post"}],"author":[{"embeddable":true,"href":"https:\/\/wp.internist-ab.de\/index.php?rest_route=\/wp\/v2\/users\/1"}],"replies":[{"embeddable":true,"href":"https:\/\/wp.internist-ab.de\/index.php?rest_route=%2Fwp%2Fv2%2Fcomments&post=1797"}],"version-history":[{"count":31,"href":"https:\/\/wp.internist-ab.de\/index.php?rest_route=\/wp\/v2\/posts\/1797\/revisions"}],"predecessor-version":[{"id":1828,"href":"https:\/\/wp.internist-ab.de\/index.php?rest_route=\/wp\/v2\/posts\/1797\/revisions\/1828"}],"wp:attachment":[{"href":"https:\/\/wp.internist-ab.de\/index.php?rest_route=%2Fwp%2Fv2%2Fmedia&parent=1797"}],"wp:term":[{"taxonomy":"category","embeddable":true,"href":"https:\/\/wp.internist-ab.de\/index.php?rest_route=%2Fwp%2Fv2%2Fcategories&post=1797"},{"taxonomy":"post_tag","embeddable":true,"href":"https:\/\/wp.internist-ab.de\/index.php?rest_route=%2Fwp%2Fv2%2Ftags&post=1797"}],"curies":[{"name":"wp","href":"https:\/\/api.w.org\/{rel}","templated":true}]}}