{"id":1786,"date":"2023-10-09T13:52:36","date_gmt":"2023-10-09T11:52:36","guid":{"rendered":"https:\/\/wp.internist-ab.de\/?p=1786"},"modified":"2023-10-09T13:53:28","modified_gmt":"2023-10-09T11:53:28","slug":"infektionssprechstunde-2","status":"publish","type":"post","link":"https:\/\/wp.internist-ab.de\/?p=1786","title":{"rendered":"Infektionssprechstunde"},"content":{"rendered":"<p><span style=\"color: #000000;\">Es wird Herbst; die Zahl an Erk\u00e4ltungsinfekten steigt rapide an. Leider auch die Zahl der COVID-positiven\u00a0 F\u00e4lle. Zum Gl\u00fcck laufen diese bisher weitgehend unkompliziert ab, stellen aber dennoch ein erhebliches Risiko f\u00fcr Dritte dar. <\/span><\/p>\n<p><span style=\"color: #000000;\">Deshalb haben wir die <strong>Infektionssprechstunde<\/strong> wieder eingef\u00fchrt. <\/span><\/p>\n<p><span style=\"color: #000000;\">Wenn Sie erk\u00e4ltet sind, kommen Sie bitte <strong>nicht einfach in die Praxis<\/strong>, sondern rufen Sie an. Wir geben Ihnen sehr zeitnah &#8211; normalerweise am selben Tag &#8211; einen Termin in der separaten Infektionssprechstunde. <\/span><\/p>\n<p><span style=\"color: #000000;\">Wir bitten Sie, vorab einen COVID-Schnelltest zu machen. Falls dieser <strong>positiv<\/strong> ist, teilen Sie uns das bitte <strong>vor<\/strong> Besuch der der Sprechstunde mit. \u00a0 Das sch\u00fctzt Ihre Mitpatienten und uns.\u00a0 Entsprechende Testkits sind in Apotheken und Drogeriem\u00e4rkten verf\u00fcgbar. <\/span><\/p>\n<p><span style=\"color: #000000;\">Bitte tragen Sie ausserdem eine <strong>Schutzmaske<\/strong>, idealerweise eine FFP2-Maske. Sollten Sie keine Maske haben, stellen wir Ihnen f\u00fcr einen kleinen Unkostenbeitrag eine Maske zur Verf\u00fcgung.<\/span><\/p>\n<p>&nbsp;<\/p>\n","protected":false},"excerpt":{"rendered":"<p>Es wird Herbst; die Zahl an Erk\u00e4ltungsinfekten steigt rapide an. Leider auch die Zahl der COVID-positiven\u00a0 F\u00e4lle. Zum Gl\u00fcck laufen diese bisher weitgehend unkompliziert ab, stellen aber dennoch ein erhebliches Risiko f\u00fcr Dritte dar. Deshalb haben wir die Infektionssprechstunde wieder<\/p>\n","protected":false},"author":1,"featured_media":0,"comment_status":"closed","ping_status":"closed","sticky":false,"template":"","format":"standard","meta":{"footnotes":""},"categories":[1,193],"tags":[154,223,4],"class_list":["post-1786","post","type-post","status-publish","format-standard","hentry","category-allgemeines","category-corona","tag-covid","tag-erkaeltung","tag-grippe"],"_links":{"self":[{"href":"https:\/\/wp.internist-ab.de\/index.php?rest_route=\/wp\/v2\/posts\/1786","targetHints":{"allow":["GET"]}}],"collection":[{"href":"https:\/\/wp.internist-ab.de\/index.php?rest_route=\/wp\/v2\/posts"}],"about":[{"href":"https:\/\/wp.internist-ab.de\/index.php?rest_route=\/wp\/v2\/types\/post"}],"author":[{"embeddable":true,"href":"https:\/\/wp.internist-ab.de\/index.php?rest_route=\/wp\/v2\/users\/1"}],"replies":[{"embeddable":true,"href":"https:\/\/wp.internist-ab.de\/index.php?rest_route=%2Fwp%2Fv2%2Fcomments&post=1786"}],"version-history":[{"count":2,"href":"https:\/\/wp.internist-ab.de\/index.php?rest_route=\/wp\/v2\/posts\/1786\/revisions"}],"predecessor-version":[{"id":1788,"href":"https:\/\/wp.internist-ab.de\/index.php?rest_route=\/wp\/v2\/posts\/1786\/revisions\/1788"}],"wp:attachment":[{"href":"https:\/\/wp.internist-ab.de\/index.php?rest_route=%2Fwp%2Fv2%2Fmedia&parent=1786"}],"wp:term":[{"taxonomy":"category","embeddable":true,"href":"https:\/\/wp.internist-ab.de\/index.php?rest_route=%2Fwp%2Fv2%2Fcategories&post=1786"},{"taxonomy":"post_tag","embeddable":true,"href":"https:\/\/wp.internist-ab.de\/index.php?rest_route=%2Fwp%2Fv2%2Ftags&post=1786"}],"curies":[{"name":"wp","href":"https:\/\/api.w.org\/{rel}","templated":true}]}}