{"id":1770,"date":"2023-09-22T07:25:52","date_gmt":"2023-09-22T05:25:52","guid":{"rendered":"https:\/\/wp.internist-ab.de\/?p=1770"},"modified":"2023-10-09T13:54:40","modified_gmt":"2023-10-09T11:54:40","slug":"covid-auffrischimpfung","status":"publish","type":"post","link":"https:\/\/wp.internist-ab.de\/?p=1770","title":{"rendered":"COVID-Auffrischimpfung"},"content":{"rendered":"\r\n<p><strong><span style=\"color: #000000;\">Die Anfragen nach einer Auffrischungsimpfung gegen COVID werden mehr, deshalb hier eine Zusammenfassung der aktuellen Vorgaben:<\/span><\/strong><\/p>\r\n<p><span style=\"color: #000000;\">\r\n\r\n<\/span><\/p>\r\n<ul>\r\n<li><span style=\"color: #000000;\"><em>Wer wird geimpft?<\/em> alle \u00fcber 60 und\/oder mit Risikoerkrankungen (Diabetes, Bluthochdruck, Asthma, COPD etc) sowie in Risikoberufen T\u00e4tige.<\/span><br \/><br \/><\/li>\r\n<li><span style=\"color: #000000;\"><em>Sinnhaftigkeit der Impfung<\/em>: eindeutiges JA. Der Impfschutz h\u00e4lt nicht l\u00e4nger als ein Jahr, auch wenn durchaus eine gewisse Grundimmunit\u00e4t besteht.<\/span><br \/><br \/><\/li>\r\n<li><span style=\"color: #000000;\"><em>Impfzeitpunkt:<\/em> das letzte COVID-bezogene Ereignis (= Impfung oder nachgewiesener Infekt) sollte 12 Monate zur\u00fcckliegen.<\/span><br \/><br \/><\/li>\r\n<li><span style=\"color: #000000;\">Eine zeitidentische oder zeitnahe <em>Impfung gegen Grippe bzw. Influenza<\/em> ist nicht nur kein Problem, sondern wird sogar ausdr\u00fccklich empfohlen.<\/span><br \/><br \/><\/li>\r\n<li><span style=\"color: #000000;\">Es gibt immer noch <em>keine Einzeldosen<\/em>, sondern nur Sechserampullen Comirnaty\u00a0 mit nur wenigen Stunden Haltbarkeit. Das bedeutet, dass immer sechs Impfwillige zusammenkommen m\u00fcssen. <\/span><span style=\"color: #000000;\">Andere Impfstoffe werden wir aus logistischen Gr\u00fcnden nicht verwenden.<\/span><br \/><br \/><\/li>\r\n<li><span style=\"color: #000000;\"><em>Privatversicherte<\/em> bekommen keine Rezepte, sondern werden aus dem Impfstoff-Vorrat f\u00fcr alle geimpft, da der Impfstoff vom Bund finanziert wird.<\/span><br \/><br \/><\/li>\r\n<li><span style=\"color: #000000;\">Impfwillige werden vom Hausarzt geimpft; Impfzentren gibt es nicht mehr.\r\n\r\n\r\n\r\n\r\n\r\n\r\n\r\n\r\n\r\n\r\n\r\n<\/span><\/li>\r\n<\/ul>\r\n<p><span style=\"color: #000000;\">\r\n\r\n\r\n\r\n<\/span><\/p>\r\n<p><span style=\"color: #000000;\">Wenn Sie also Interesse an einer erneuten COVID-Impfung haben, melden Sie sich bitte bei uns. <br \/><\/span><\/p>\r\n","protected":false},"excerpt":{"rendered":"<p>Die Anfragen nach einer Auffrischungsimpfung gegen COVID werden mehr, deshalb hier eine Zusammenfassung der aktuellen Vorgaben: Wer wird geimpft? alle \u00fcber 60 und\/oder mit Risikoerkrankungen (Diabetes, Bluthochdruck, Asthma, COPD etc) sowie in Risikoberufen T\u00e4tige. Sinnhaftigkeit der Impfung: eindeutiges JA. Der<\/p>\n","protected":false},"author":1,"featured_media":0,"comment_status":"closed","ping_status":"closed","sticky":false,"template":"","format":"standard","meta":{"footnotes":""},"categories":[1,193],"tags":[152,199,154,4,27,29],"class_list":["post-1770","post","type-post","status-publish","format-standard","hentry","category-allgemeines","category-corona","tag-corona","tag-coronaimpfung","tag-covid","tag-grippe","tag-grippeimpfung","tag-influenzaimpfung"],"_links":{"self":[{"href":"https:\/\/wp.internist-ab.de\/index.php?rest_route=\/wp\/v2\/posts\/1770","targetHints":{"allow":["GET"]}}],"collection":[{"href":"https:\/\/wp.internist-ab.de\/index.php?rest_route=\/wp\/v2\/posts"}],"about":[{"href":"https:\/\/wp.internist-ab.de\/index.php?rest_route=\/wp\/v2\/types\/post"}],"author":[{"embeddable":true,"href":"https:\/\/wp.internist-ab.de\/index.php?rest_route=\/wp\/v2\/users\/1"}],"replies":[{"embeddable":true,"href":"https:\/\/wp.internist-ab.de\/index.php?rest_route=%2Fwp%2Fv2%2Fcomments&post=1770"}],"version-history":[{"count":10,"href":"https:\/\/wp.internist-ab.de\/index.php?rest_route=\/wp\/v2\/posts\/1770\/revisions"}],"predecessor-version":[{"id":1789,"href":"https:\/\/wp.internist-ab.de\/index.php?rest_route=\/wp\/v2\/posts\/1770\/revisions\/1789"}],"wp:attachment":[{"href":"https:\/\/wp.internist-ab.de\/index.php?rest_route=%2Fwp%2Fv2%2Fmedia&parent=1770"}],"wp:term":[{"taxonomy":"category","embeddable":true,"href":"https:\/\/wp.internist-ab.de\/index.php?rest_route=%2Fwp%2Fv2%2Fcategories&post=1770"},{"taxonomy":"post_tag","embeddable":true,"href":"https:\/\/wp.internist-ab.de\/index.php?rest_route=%2Fwp%2Fv2%2Ftags&post=1770"}],"curies":[{"name":"wp","href":"https:\/\/api.w.org\/{rel}","templated":true}]}}