{"id":1765,"date":"2023-05-23T14:59:29","date_gmt":"2023-05-23T12:59:29","guid":{"rendered":"https:\/\/wp.internist-ab.de\/?p=1765"},"modified":"2023-05-23T14:59:29","modified_gmt":"2023-05-23T12:59:29","slug":"aenderung-der-sprechzeiten-dienstag-nachmittags-ab-1-6-2023","status":"publish","type":"post","link":"https:\/\/wp.internist-ab.de\/?p=1765","title":{"rendered":"\u00c4nderung der Sprechzeiten Dienstag nachmittags ab 1.6.2023"},"content":{"rendered":"<p><span style=\"color: #000000;\">Ab 1.6.2023 \u00e4ndern sich die Sprechzeiten f\u00fcr die Dienstags-Sp\u00e4tsprechstunde :<\/span><\/p>\n<p><span style=\"color: #000000;\"><strong>Bisher<\/strong>: Dienstag 8-12 h und 16-19 h<\/span><\/p>\n<p><span style=\"color: #000000;\"><strong>Neu<\/strong>:\u00a0\u00a0\u00a0\u00a0 <em>Dienstag 8-12 h und 15-18 h<\/em><\/span><\/p>\n<p>Alle sonstigen Sprechzeiten bleiben unver\u00e4ndert<\/p>\n","protected":false},"excerpt":{"rendered":"<p>Ab 1.6.2023 \u00e4ndern sich die Sprechzeiten f\u00fcr die Dienstags-Sp\u00e4tsprechstunde : Bisher: Dienstag 8-12 h und 16-19 h Neu:\u00a0\u00a0\u00a0\u00a0 Dienstag 8-12 h und 15-18 h Alle sonstigen Sprechzeiten bleiben unver\u00e4ndert<\/p>\n","protected":false},"author":1,"featured_media":0,"comment_status":"closed","ping_status":"closed","sticky":false,"template":"","format":"standard","meta":{"footnotes":""},"categories":[1],"tags":[236,162,161],"class_list":["post-1765","post","type-post","status-publish","format-standard","hentry","category-allgemeines","tag-spaetsprechstunde","tag-sprechstunde","tag-sprechzeiten"],"_links":{"self":[{"href":"https:\/\/wp.internist-ab.de\/index.php?rest_route=\/wp\/v2\/posts\/1765","targetHints":{"allow":["GET"]}}],"collection":[{"href":"https:\/\/wp.internist-ab.de\/index.php?rest_route=\/wp\/v2\/posts"}],"about":[{"href":"https:\/\/wp.internist-ab.de\/index.php?rest_route=\/wp\/v2\/types\/post"}],"author":[{"embeddable":true,"href":"https:\/\/wp.internist-ab.de\/index.php?rest_route=\/wp\/v2\/users\/1"}],"replies":[{"embeddable":true,"href":"https:\/\/wp.internist-ab.de\/index.php?rest_route=%2Fwp%2Fv2%2Fcomments&post=1765"}],"version-history":[{"count":1,"href":"https:\/\/wp.internist-ab.de\/index.php?rest_route=\/wp\/v2\/posts\/1765\/revisions"}],"predecessor-version":[{"id":1766,"href":"https:\/\/wp.internist-ab.de\/index.php?rest_route=\/wp\/v2\/posts\/1765\/revisions\/1766"}],"wp:attachment":[{"href":"https:\/\/wp.internist-ab.de\/index.php?rest_route=%2Fwp%2Fv2%2Fmedia&parent=1765"}],"wp:term":[{"taxonomy":"category","embeddable":true,"href":"https:\/\/wp.internist-ab.de\/index.php?rest_route=%2Fwp%2Fv2%2Fcategories&post=1765"},{"taxonomy":"post_tag","embeddable":true,"href":"https:\/\/wp.internist-ab.de\/index.php?rest_route=%2Fwp%2Fv2%2Ftags&post=1765"}],"curies":[{"name":"wp","href":"https:\/\/api.w.org\/{rel}","templated":true}]}}