{"id":1723,"date":"2023-04-01T09:42:55","date_gmt":"2023-04-01T07:42:55","guid":{"rendered":"https:\/\/wp.internist-ab.de\/?p=1723"},"modified":"2023-04-01T09:48:00","modified_gmt":"2023-04-01T07:48:00","slug":"maskenpflicht-endet-zum-7-4-23","status":"publish","type":"post","link":"https:\/\/wp.internist-ab.de\/?p=1723","title":{"rendered":"Maskenpflicht endet zum 7.4.23"},"content":{"rendered":"\n<p><strong>Ab 8. April<\/strong><\/p>\n\n\n\n<p>Die gesetzliche Maskenpflicht f\u00fcr Besucher in Krankenh\u00e4usern, Reha-Einrichtungen, voll- und teilstation\u00e4ren Pflegeeinrichtungen sowie f\u00fcr Besucher und Patienten in Arzt-, Zahnarzt- und Psychotherapeutenpraxen endet am 7. April. Dann l\u00e4uft die Regelung im Infektionsschutzgesetz aus. <\/p>\n\n\n\n<p>Derzeit steigen die COVID-Infektionszahlen jedoch immens an, zum Gl\u00fcck fast immer mit unkompliziertem Verlauf. Deshalb m\u00f6chten wir Sie bitten, bei Untersuchungen mit enger k\u00f6rperlicher N\u00e4he wie z.B  Untersuchungen, Check-Ups Sonographien und Belastungs-EKGs freiwillig weiterhin eine Schutzmaske zu tragen, um sich, uns damit auch andere zu sch\u00fctzen. <\/p>\n\n\n\n<p><\/p>\n","protected":false},"excerpt":{"rendered":"<p>Ab 8. April Die gesetzliche Maskenpflicht f\u00fcr Besucher in Krankenh\u00e4usern, Reha-Einrichtungen, voll- und teilstation\u00e4ren Pflegeeinrichtungen sowie f\u00fcr Besucher und Patienten in Arzt-, Zahnarzt- und Psychotherapeutenpraxen endet am 7. April. Dann l\u00e4uft die Regelung im Infektionsschutzgesetz aus. Derzeit steigen die COVID-Infektionszahlen<\/p>\n","protected":false},"author":1,"featured_media":0,"comment_status":"closed","ping_status":"closed","sticky":false,"template":"","format":"standard","meta":{"footnotes":""},"categories":[1,193],"tags":[154,211],"class_list":["post-1723","post","type-post","status-publish","format-standard","hentry","category-allgemeines","category-corona","tag-covid","tag-maskenpflicht"],"_links":{"self":[{"href":"https:\/\/wp.internist-ab.de\/index.php?rest_route=\/wp\/v2\/posts\/1723","targetHints":{"allow":["GET"]}}],"collection":[{"href":"https:\/\/wp.internist-ab.de\/index.php?rest_route=\/wp\/v2\/posts"}],"about":[{"href":"https:\/\/wp.internist-ab.de\/index.php?rest_route=\/wp\/v2\/types\/post"}],"author":[{"embeddable":true,"href":"https:\/\/wp.internist-ab.de\/index.php?rest_route=\/wp\/v2\/users\/1"}],"replies":[{"embeddable":true,"href":"https:\/\/wp.internist-ab.de\/index.php?rest_route=%2Fwp%2Fv2%2Fcomments&post=1723"}],"version-history":[{"count":2,"href":"https:\/\/wp.internist-ab.de\/index.php?rest_route=\/wp\/v2\/posts\/1723\/revisions"}],"predecessor-version":[{"id":1725,"href":"https:\/\/wp.internist-ab.de\/index.php?rest_route=\/wp\/v2\/posts\/1723\/revisions\/1725"}],"wp:attachment":[{"href":"https:\/\/wp.internist-ab.de\/index.php?rest_route=%2Fwp%2Fv2%2Fmedia&parent=1723"}],"wp:term":[{"taxonomy":"category","embeddable":true,"href":"https:\/\/wp.internist-ab.de\/index.php?rest_route=%2Fwp%2Fv2%2Fcategories&post=1723"},{"taxonomy":"post_tag","embeddable":true,"href":"https:\/\/wp.internist-ab.de\/index.php?rest_route=%2Fwp%2Fv2%2Ftags&post=1723"}],"curies":[{"name":"wp","href":"https:\/\/api.w.org\/{rel}","templated":true}]}}