{"id":1719,"date":"2022-10-22T13:24:55","date_gmt":"2022-10-22T11:24:55","guid":{"rendered":"https:\/\/wp.internist-ab.de\/?p=1719"},"modified":"2022-10-22T13:24:55","modified_gmt":"2022-10-22T11:24:55","slug":"covid-boost","status":"publish","type":"post","link":"https:\/\/wp.internist-ab.de\/?p=1719","title":{"rendered":"COVID-Boost"},"content":{"rendered":"<p>Wir haben Impfstoff des Herstellers Biontech bestellt, der die Virusvarianten Omikron BA.4\/5 abdeckt. Dieser steht uns aber noch nicht zur Verf\u00fcgung; wir gehen davon aus, dass wir ab der letzten Oktoberwoche mit Impfungen beginnen k\u00f6nnen. Impfungen finden ausschliesslich \u00fcber eine Terminvergabe statt.<\/p>\n<p>Die offiziellen Empfehlungen der STIKO zur Auffrischung von Impfungen gegen COVID sind <a href=\"https:\/\/www.rki.de\/DE\/Content\/Kommissionen\/STIKO\/Empfehlungen\/PM_2022-09-20.html\" target=\"_blank\" rel=\"noopener\"><strong>hier<\/strong><\/a> zu finden.<\/p>\n<p>Prim\u00e4res Ziel der COVID-19-Impfung ist weiterhin die Verhinderung schwerer COVID-19-Verl\u00e4ufe. Entscheidender als die Wahl des konkreten Impfstoffs ist daf\u00fcr, nach Ansicht der STIKO, die generelle Inanspruchnahme und Umsetzung der COVID-19-Impfempfehlungen, insbesondere der Auffrischimpfungen. Auch die bisherigen monovalenten mRNA-Impfstoffe k\u00f6nnen weiterhin eingesetzt werden, da sie unver\u00e4ndert vor schweren COVID-19-Krankheitsverl\u00e4ufen sch\u00fctzen, auch durch Omikron-Varianten. Entsprechend sollen Personen, die vor Kurzem ihre indizierten Auffrischimpfungen erhalten haben, keine gesonderte Extra-Impfdosis mit einem angepassten Impfstoff erhalten.<\/p>\n<p><em>(Quelle: <a href=\"https:\/\/www.rki.de\/DE\/Content\/Kommissionen\/STIKO\/Empfehlungen\/PM_2022-09-20.html\" target=\"_blank\" rel=\"noopener\">STIKO<\/a>)<\/em><\/p>\n<p>&nbsp;<\/p>\n","protected":false},"excerpt":{"rendered":"<p>Wir haben Impfstoff des Herstellers Biontech bestellt, der die Virusvarianten Omikron BA.4\/5 abdeckt. Dieser steht uns aber noch nicht zur Verf\u00fcgung; wir gehen davon aus, dass wir ab der letzten Oktoberwoche mit Impfungen beginnen k\u00f6nnen. Impfungen finden ausschliesslich \u00fcber eine<\/p>\n","protected":false},"author":1,"featured_media":0,"comment_status":"closed","ping_status":"closed","sticky":false,"template":"","format":"standard","meta":{"footnotes":""},"categories":[193],"tags":[213,152,151,154,178,38,5,224,157,69],"class_list":["post-1719","post","type-post","status-publish","format-standard","hentry","category-corona","tag-biontech","tag-corona","tag-coronavirus","tag-covid","tag-covid-19","tag-impfschutz","tag-impfung","tag-omikron","tag-sars-cov-2","tag-schutzimpfung"],"_links":{"self":[{"href":"https:\/\/wp.internist-ab.de\/index.php?rest_route=\/wp\/v2\/posts\/1719","targetHints":{"allow":["GET"]}}],"collection":[{"href":"https:\/\/wp.internist-ab.de\/index.php?rest_route=\/wp\/v2\/posts"}],"about":[{"href":"https:\/\/wp.internist-ab.de\/index.php?rest_route=\/wp\/v2\/types\/post"}],"author":[{"embeddable":true,"href":"https:\/\/wp.internist-ab.de\/index.php?rest_route=\/wp\/v2\/users\/1"}],"replies":[{"embeddable":true,"href":"https:\/\/wp.internist-ab.de\/index.php?rest_route=%2Fwp%2Fv2%2Fcomments&post=1719"}],"version-history":[{"count":1,"href":"https:\/\/wp.internist-ab.de\/index.php?rest_route=\/wp\/v2\/posts\/1719\/revisions"}],"predecessor-version":[{"id":1720,"href":"https:\/\/wp.internist-ab.de\/index.php?rest_route=\/wp\/v2\/posts\/1719\/revisions\/1720"}],"wp:attachment":[{"href":"https:\/\/wp.internist-ab.de\/index.php?rest_route=%2Fwp%2Fv2%2Fmedia&parent=1719"}],"wp:term":[{"taxonomy":"category","embeddable":true,"href":"https:\/\/wp.internist-ab.de\/index.php?rest_route=%2Fwp%2Fv2%2Fcategories&post=1719"},{"taxonomy":"post_tag","embeddable":true,"href":"https:\/\/wp.internist-ab.de\/index.php?rest_route=%2Fwp%2Fv2%2Ftags&post=1719"}],"curies":[{"name":"wp","href":"https:\/\/api.w.org\/{rel}","templated":true}]}}