{"id":1702,"date":"2022-05-31T10:09:42","date_gmt":"2022-05-31T08:09:42","guid":{"rendered":"https:\/\/wp.internist-ab.de\/?p=1702"},"modified":"2022-10-22T13:02:09","modified_gmt":"2022-10-22T11:02:09","slug":"moeglichkeit-zur-telefonischen-krankschreibung-endet-zum-30-5-2022","status":"publish","type":"post","link":"https:\/\/wp.internist-ab.de\/?p=1702","title":{"rendered":"Telefonische Krankschreibung bei leichten Erk\u00e4ltungsinfekten"},"content":{"rendered":"<p><span style=\"color: #000000;\">Im Rahmen der COVID-Pandemie ist\u00a0 es (wieder) m\u00f6glich, Erk\u00e4ltungskrankheiten mit und ohne COVID-Nachweis telefonisch zu kl\u00e4ren und entsprechende Krankmeldungen per Post zu \u00fcbermitteln.\u00a0 Mehr Informationen dazu gibt es <strong><a href=\"https:\/\/www.bundesregierung.de\/breg-de\/themen\/coronavirus\/telefonische-krankschreibung-1800026\" target=\"_blank\" rel=\"noopener\">hier<\/a><\/strong>.<\/span><\/p>\n<p>Wenn Sie nachweislich COVID-negativ sind, untersuchen wir Sie nat\u00fcrlich auch gerne in unserer Infektionssprechstunde. <span style=\"color: #000000;\">Um das Infektionsrisiko f\u00fcr andere Patienten m\u00f6glichst zu minimieren, bitten wir Sie, <strong>nicht<\/strong> spontan in die Sprechstunde zu kommen, <strong>sondern vorab<\/strong> einen Termin f\u00fcr unsere Infektsprechstunde auszumachen. Sie erreichen uns unter der Telefonnummer 06021-12071.<\/span><\/p>\n<p>&nbsp;<\/p>\n","protected":false},"excerpt":{"rendered":"<p>Im Rahmen der COVID-Pandemie ist\u00a0 es (wieder) m\u00f6glich, Erk\u00e4ltungskrankheiten mit und ohne COVID-Nachweis telefonisch zu kl\u00e4ren und entsprechende Krankmeldungen per Post zu \u00fcbermitteln.\u00a0 Mehr Informationen dazu gibt es hier. Wenn Sie nachweislich COVID-negativ sind, untersuchen wir Sie nat\u00fcrlich auch gerne<\/p>\n","protected":false},"author":1,"featured_media":0,"comment_status":"closed","ping_status":"closed","sticky":false,"template":"","format":"standard","meta":{"footnotes":""},"categories":[193],"tags":[152,154,223,4,162],"class_list":["post-1702","post","type-post","status-publish","format-standard","hentry","category-corona","tag-corona","tag-covid","tag-erkaeltung","tag-grippe","tag-sprechstunde"],"_links":{"self":[{"href":"https:\/\/wp.internist-ab.de\/index.php?rest_route=\/wp\/v2\/posts\/1702","targetHints":{"allow":["GET"]}}],"collection":[{"href":"https:\/\/wp.internist-ab.de\/index.php?rest_route=\/wp\/v2\/posts"}],"about":[{"href":"https:\/\/wp.internist-ab.de\/index.php?rest_route=\/wp\/v2\/types\/post"}],"author":[{"embeddable":true,"href":"https:\/\/wp.internist-ab.de\/index.php?rest_route=\/wp\/v2\/users\/1"}],"replies":[{"embeddable":true,"href":"https:\/\/wp.internist-ab.de\/index.php?rest_route=%2Fwp%2Fv2%2Fcomments&post=1702"}],"version-history":[{"count":7,"href":"https:\/\/wp.internist-ab.de\/index.php?rest_route=\/wp\/v2\/posts\/1702\/revisions"}],"predecessor-version":[{"id":1716,"href":"https:\/\/wp.internist-ab.de\/index.php?rest_route=\/wp\/v2\/posts\/1702\/revisions\/1716"}],"wp:attachment":[{"href":"https:\/\/wp.internist-ab.de\/index.php?rest_route=%2Fwp%2Fv2%2Fmedia&parent=1702"}],"wp:term":[{"taxonomy":"category","embeddable":true,"href":"https:\/\/wp.internist-ab.de\/index.php?rest_route=%2Fwp%2Fv2%2Fcategories&post=1702"},{"taxonomy":"post_tag","embeddable":true,"href":"https:\/\/wp.internist-ab.de\/index.php?rest_route=%2Fwp%2Fv2%2Ftags&post=1702"}],"curies":[{"name":"wp","href":"https:\/\/api.w.org\/{rel}","templated":true}]}}