{"id":1588,"date":"2021-11-06T18:23:54","date_gmt":"2021-11-06T17:23:54","guid":{"rendered":"https:\/\/wp.internist-ab.de\/?p=1588"},"modified":"2021-11-06T18:31:49","modified_gmt":"2021-11-06T17:31:49","slug":"warum-sind-impfungen-gegen-covid-19-wichtig","status":"publish","type":"post","link":"https:\/\/wp.internist-ab.de\/?p=1588","title":{"rendered":"Warum sind Impfungen gegen COVID 19 wichtig?"},"content":{"rendered":"<p><span style=\"color: #000000;\">Die Antwort auf diese Frage ist ganz einfach: nicht die Infektion ist das Problem, sondern die Krankheit.<\/span><\/p>\n<p><span style=\"color: #000000;\">Sowohl Geimpfte als auch Ungeimpfte k\u00f6nnen sich infizieren. Aber Geimpfte erkranken &#8211; wenn \u00fcberhaupt &#8211; nur leicht, w\u00e4hrend ungeimpfte Menschen mit einer COVID19-Infektion mit hoher Wahrscheinlichkeit schwer bis schwerstgradig erkranken.<\/span><\/p>\n<p><span style=\"color: #000000;\">Die Impfung sch\u00fctzt nicht unbedingt vor der Infektion, aber vor schwerer Krankheit. Jede\/r Geimpfte ist ein\/e potentiell schwerkranke\/r Patient\/in weniger. Und je mehr Menschen gesch\u00fctzt sind, desto schneller bekommen wir Corona in den Griff.<\/span><\/p>\n<p><span style=\"color: #000000;\">Es gibt keinen Grund, sich nicht impfen zu lassen.<\/span><\/p>\n<p>&nbsp;<\/p>\n<p>&nbsp;<\/p>\n<p>&nbsp;<\/p>\n<p>&nbsp;<\/p>\n","protected":false},"excerpt":{"rendered":"<p>Die Antwort auf diese Frage ist ganz einfach: nicht die Infektion ist das Problem, sondern die Krankheit. Sowohl Geimpfte als auch Ungeimpfte k\u00f6nnen sich infizieren. Aber Geimpfte erkranken &#8211; wenn \u00fcberhaupt &#8211; nur leicht, w\u00e4hrend ungeimpfte Menschen mit einer COVID19-Infektion<\/p>\n","protected":false},"author":1,"featured_media":0,"comment_status":"closed","ping_status":"closed","sticky":false,"template":"","format":"standard","meta":{"footnotes":""},"categories":[193],"tags":[152,151,154,178,38,5,153,157],"class_list":["post-1588","post","type-post","status-publish","format-standard","hentry","category-corona","tag-corona","tag-coronavirus","tag-covid","tag-covid-19","tag-impfschutz","tag-impfung","tag-pandemie","tag-sars-cov-2"],"_links":{"self":[{"href":"https:\/\/wp.internist-ab.de\/index.php?rest_route=\/wp\/v2\/posts\/1588","targetHints":{"allow":["GET"]}}],"collection":[{"href":"https:\/\/wp.internist-ab.de\/index.php?rest_route=\/wp\/v2\/posts"}],"about":[{"href":"https:\/\/wp.internist-ab.de\/index.php?rest_route=\/wp\/v2\/types\/post"}],"author":[{"embeddable":true,"href":"https:\/\/wp.internist-ab.de\/index.php?rest_route=\/wp\/v2\/users\/1"}],"replies":[{"embeddable":true,"href":"https:\/\/wp.internist-ab.de\/index.php?rest_route=%2Fwp%2Fv2%2Fcomments&post=1588"}],"version-history":[{"count":3,"href":"https:\/\/wp.internist-ab.de\/index.php?rest_route=\/wp\/v2\/posts\/1588\/revisions"}],"predecessor-version":[{"id":1592,"href":"https:\/\/wp.internist-ab.de\/index.php?rest_route=\/wp\/v2\/posts\/1588\/revisions\/1592"}],"wp:attachment":[{"href":"https:\/\/wp.internist-ab.de\/index.php?rest_route=%2Fwp%2Fv2%2Fmedia&parent=1588"}],"wp:term":[{"taxonomy":"category","embeddable":true,"href":"https:\/\/wp.internist-ab.de\/index.php?rest_route=%2Fwp%2Fv2%2Fcategories&post=1588"},{"taxonomy":"post_tag","embeddable":true,"href":"https:\/\/wp.internist-ab.de\/index.php?rest_route=%2Fwp%2Fv2%2Ftags&post=1588"}],"curies":[{"name":"wp","href":"https:\/\/api.w.org\/{rel}","templated":true}]}}