{"id":1509,"date":"2021-08-27T13:18:28","date_gmt":"2021-08-27T11:18:28","guid":{"rendered":"https:\/\/wp.internist-ab.de\/?p=1509"},"modified":"2021-08-27T13:20:30","modified_gmt":"2021-08-27T11:20:30","slug":"wichtige-informationen-zur-elektronische-arbeitsunfaehigkeitsbescheinigung-eau","status":"publish","type":"post","link":"https:\/\/wp.internist-ab.de\/?p=1509","title":{"rendered":"Wichtige Informationen zur &#8218;Elektronischen Arbeitsunf\u00e4higkeitsbescheinigung&#8216; (eAU)"},"content":{"rendered":"<p>Ab Oktober gibt es vom Gesetzgeber vorgeschriebene Neuerungen, die Sie ganz direkt betreffen.<\/p>\n<p>Ab dem 4. Quartal d\u00fcrfen Arbeitsunf\u00e4higkeitsbescheinigungen (&#8222;Krankmeldung&#8220;) nicht mehr wie bisher ausgestellt werden. Stattdessen muss die Meldung direkt von der ausstellenden Praxis per Internet an die Krankenkasse verschickt werden. Patient*innen bekommen vorerst noch einen Papierdurchschlag f\u00fcr den Arbeitgeber, der jedoch \u00fcber kurz oder lang auch wegfallen wird.<\/p>\n<p>Hier gibt es mehr Informationen dazu: <a href=\"https:\/\/www.kbv.de\/html\/e-au.php#content51437\" target=\"_blank\" rel=\"noopener\">https:\/\/www.kbv.de\/html\/e-au.php#content51437<\/a><\/p>\n<p>&nbsp;<\/p>\n<p><strong>Zu erwartende Probleme:<\/strong><\/p>\n<p>Die bisherige Papierversion wird es nicht mehr geben. Die f\u00fcr die elektronische \u00dcbermittlung der Daten notwendigen technischen Einrichtungen und Anforderungen sind f\u00fcr alle Beteiligten Neuland; die Technik f\u00e4llt bisher mit sch\u00f6ner Regelm\u00e4ssigkeit aus.<br \/>\nWie es dann jeweils mit der Ausstellung der AU-Bescheinigungen l\u00e4uft, wer f\u00fcr das zeitgerechte Eintreffen der Unterlagen bei der Krankenkasse sorgen muss und wer haftet, wenn das Krankengeld dadurch nicht korrekt ausgezahlt wird, ist alles noch unklar.<\/p>\n<p>Wir m\u00f6chten ausdr\u00fccklich darauf hinweisen, dass diese Neuerungen nicht unsere Idee sind, sondern dass wir von den Krankenkassen dazu gezwungen werden. Wir bitten um Ihr Verst\u00e4ndnis, wenn es hier immer wieder nicht von uns verursachte Probleme geben wird.<\/p>\n<p>&nbsp;<\/p>\n<p>&nbsp;<\/p>\n","protected":false},"excerpt":{"rendered":"<p>Ab Oktober gibt es vom Gesetzgeber vorgeschriebene Neuerungen, die Sie ganz direkt betreffen. Ab dem 4. Quartal d\u00fcrfen Arbeitsunf\u00e4higkeitsbescheinigungen (&#8222;Krankmeldung&#8220;) nicht mehr wie bisher ausgestellt werden. Stattdessen muss die Meldung direkt von der ausstellenden Praxis per Internet an die Krankenkasse<\/p>\n","protected":false},"author":1,"featured_media":0,"comment_status":"closed","ping_status":"closed","sticky":false,"template":"","format":"standard","meta":{"footnotes":""},"categories":[1],"tags":[34,205,32,206,202,204,35,203],"class_list":["post-1509","post","type-post","status-publish","format-standard","hentry","category-allgemeines","tag-arbeitsunfaehigkeit","tag-arbeitsunfaehigkeitsbescheinigung","tag-au","tag-digitalisierung","tag-eau","tag-elektronisch","tag-krankengeld","tag-krankmeldung"],"_links":{"self":[{"href":"https:\/\/wp.internist-ab.de\/index.php?rest_route=\/wp\/v2\/posts\/1509","targetHints":{"allow":["GET"]}}],"collection":[{"href":"https:\/\/wp.internist-ab.de\/index.php?rest_route=\/wp\/v2\/posts"}],"about":[{"href":"https:\/\/wp.internist-ab.de\/index.php?rest_route=\/wp\/v2\/types\/post"}],"author":[{"embeddable":true,"href":"https:\/\/wp.internist-ab.de\/index.php?rest_route=\/wp\/v2\/users\/1"}],"replies":[{"embeddable":true,"href":"https:\/\/wp.internist-ab.de\/index.php?rest_route=%2Fwp%2Fv2%2Fcomments&post=1509"}],"version-history":[{"count":2,"href":"https:\/\/wp.internist-ab.de\/index.php?rest_route=\/wp\/v2\/posts\/1509\/revisions"}],"predecessor-version":[{"id":1511,"href":"https:\/\/wp.internist-ab.de\/index.php?rest_route=\/wp\/v2\/posts\/1509\/revisions\/1511"}],"wp:attachment":[{"href":"https:\/\/wp.internist-ab.de\/index.php?rest_route=%2Fwp%2Fv2%2Fmedia&parent=1509"}],"wp:term":[{"taxonomy":"category","embeddable":true,"href":"https:\/\/wp.internist-ab.de\/index.php?rest_route=%2Fwp%2Fv2%2Fcategories&post=1509"},{"taxonomy":"post_tag","embeddable":true,"href":"https:\/\/wp.internist-ab.de\/index.php?rest_route=%2Fwp%2Fv2%2Ftags&post=1509"}],"curies":[{"name":"wp","href":"https:\/\/api.w.org\/{rel}","templated":true}]}}