{"id":1429,"date":"2021-05-18T14:05:49","date_gmt":"2021-05-18T12:05:49","guid":{"rendered":"https:\/\/wp.internist-ab.de\/?p=1429"},"modified":"2026-03-25T13:21:41","modified_gmt":"2026-03-25T12:21:41","slug":"reizthema-vitamin-d","status":"publish","type":"post","link":"https:\/\/wp.internist-ab.de\/?p=1429","title":{"rendered":"Reizthema Vitamin D"},"content":{"rendered":"\r\n<p><span style=\"color: #000000;\">Wir werden immer wieder auf das Thema Vitamin D angesprochen.<\/span><\/p>\r\n<p><span style=\"color: #000000;\">Grunds\u00e4tzlich gilt, dass mit Vitamin D als Nahrungserg\u00e4nzungsmittel und den entsprechenden Bluttests sehr viel Geld verdient wird. Die Krankenversicherer bezahlen solche Labortests nur in begr\u00fcndeten Ausnahmef\u00e4llen. Eine wissenschaftliche Grundlage f\u00fcr die regelm\u00e4ssige Einnahme von Vitamin D ausserhalb bestimmter Krankheitskonstellationen gibt es schlichtweg nicht.<\/span><\/p>\r\n<p><span style=\"color: #000000;\">Die empfohlene Dosis von Vitamin D pro Tag betr\u00e4gt &#8211; wenn \u00fcberhaupt &#8211; 800 &#8211; 1000 IE (Internationale Einheiten). Mehr kann durchaus riskante Nebenwirkungen haben. Bei echten schwergradigen und symptomatischen Mangelzust\u00e4nden kann eine h\u00f6herdosierte Startmedikation \u00fcber wenige Wochen begr\u00fcndbar sein, aber die langfristige w\u00f6chentliche Einnahme von 20000 IE \u00fcber einen langen Zeitraum ist also nicht nur unn\u00fctz, sondern unter Umst\u00e4nden lebensgef\u00e4hrlich.<\/span><\/p>\r\n<p><span style=\"color: #000000;\">Wir verweisen diesbez\u00fcglich auf die folgenden Links, die das Thema ausf\u00fchrlich abdecken.<\/span><\/p>\r\n<ul>\r\n<li><a href=\"https:\/\/wp.internist-ab.de\/?p=442\" target=\"_blank\" rel=\"noopener\">Vitamin D-Spiegel: Kassenleistung ja oder nein?\u00a0<\/a><\/li>\r\n<li><a href=\"https:\/\/www.quarks.de\/gesundheit\/ernaehrung\/sind-vitamin-d-tabletten-sinnvoll\/\" target=\"_blank\" rel=\"noopener\">quarks.de: Vitamin D brauchen wir vor allem f\u00fcr gesunde Knochen. Angeblich soll es aber auch gegen diverse andere Krankheiten helfen. Das sagt die Wissenschaft<\/a><\/li>\r\n<li><a href=\"https:\/\/www.pharmazeutische-zeitung.de\/behoerde-aeussert-sich-zu-vitamin-d-und-covid-19-125699\/\" target=\"_blank\" rel=\"noopener\">Bundesinstitut f\u00fcr Risikobewertung: Beh\u00f6rde \u00e4u\u00dfert sich zu Vitamin D und Covid-19<\/a>\u00a0<\/li>\r\n<\/ul>\r\n<p>&nbsp;<\/p>\r\n<p>&nbsp;<\/p>\r\n<p>&nbsp;<\/p>\r\n<p>&nbsp;<\/p>\r\n<p>&nbsp;<\/p>\r\n<p>&nbsp;<\/p>\r\n<p>&nbsp;<\/p>\r\n<p>&nbsp;<\/p>\r\n<p>&nbsp;<\/p>\r\n<p>&nbsp;<\/p>\r\n<p>&nbsp;<\/p>\r\n<p>&nbsp;<\/p>\r\n<p>&nbsp;<\/p>\r\n<p>&nbsp;<\/p>\r\n<p>&nbsp;<\/p>\r\n<p>&nbsp;<\/p>\r\n<p>&nbsp;<\/p>\r\n","protected":false},"excerpt":{"rendered":"<p>Wir werden immer wieder auf das Thema Vitamin D angesprochen. Grunds\u00e4tzlich gilt, dass mit Vitamin D als Nahrungserg\u00e4nzungsmittel und den entsprechenden Bluttests sehr viel Geld verdient wird. Die Krankenversicherer bezahlen solche Labortests nur in begr\u00fcndeten Ausnahmef\u00e4llen. Eine wissenschaftliche Grundlage f\u00fcr<\/p>\n","protected":false},"author":1,"featured_media":0,"comment_status":"closed","ping_status":"closed","sticky":false,"template":"","format":"standard","meta":{"footnotes":""},"categories":[1],"tags":[225,20,19],"class_list":["post-1429","post","type-post","status-publish","format-standard","hentry","category-allgemeines","tag-nahrungsergaenzungsmittel","tag-vitamin-d","tag-vitamine"],"_links":{"self":[{"href":"https:\/\/wp.internist-ab.de\/index.php?rest_route=\/wp\/v2\/posts\/1429","targetHints":{"allow":["GET"]}}],"collection":[{"href":"https:\/\/wp.internist-ab.de\/index.php?rest_route=\/wp\/v2\/posts"}],"about":[{"href":"https:\/\/wp.internist-ab.de\/index.php?rest_route=\/wp\/v2\/types\/post"}],"author":[{"embeddable":true,"href":"https:\/\/wp.internist-ab.de\/index.php?rest_route=\/wp\/v2\/users\/1"}],"replies":[{"embeddable":true,"href":"https:\/\/wp.internist-ab.de\/index.php?rest_route=%2Fwp%2Fv2%2Fcomments&post=1429"}],"version-history":[{"count":4,"href":"https:\/\/wp.internist-ab.de\/index.php?rest_route=\/wp\/v2\/posts\/1429\/revisions"}],"predecessor-version":[{"id":2057,"href":"https:\/\/wp.internist-ab.de\/index.php?rest_route=\/wp\/v2\/posts\/1429\/revisions\/2057"}],"wp:attachment":[{"href":"https:\/\/wp.internist-ab.de\/index.php?rest_route=%2Fwp%2Fv2%2Fmedia&parent=1429"}],"wp:term":[{"taxonomy":"category","embeddable":true,"href":"https:\/\/wp.internist-ab.de\/index.php?rest_route=%2Fwp%2Fv2%2Fcategories&post=1429"},{"taxonomy":"post_tag","embeddable":true,"href":"https:\/\/wp.internist-ab.de\/index.php?rest_route=%2Fwp%2Fv2%2Ftags&post=1429"}],"curies":[{"name":"wp","href":"https:\/\/api.w.org\/{rel}","templated":true}]}}