{"id":1264,"date":"2020-05-19T08:07:41","date_gmt":"2020-05-19T06:07:41","guid":{"rendered":"https:\/\/wp.internist-ab.de\/?p=1264"},"modified":"2020-06-07T23:35:52","modified_gmt":"2020-06-07T21:35:52","slug":"ein-face-shield-ist-kein-maskenersatz","status":"publish","type":"post","link":"https:\/\/wp.internist-ab.de\/?p=1264","title":{"rendered":"Ein Gesichtsvisier \/ Face-Shield ist kein Maskenersatz"},"content":{"rendered":"\r\n<p>Ein Gesichtsvisier bzw. Face Shield dient ausschlie\u00dflich dazu, den Tr\u00e4ger vor <strong>Augeninfektionen<\/strong> durch wie auch immer geartete Tr\u00f6pfchen zu sch\u00fctzen. Er bietet aber <strong>keinen<\/strong> Schutz vor \u00fcber Mund oder Nase ein- oder ausgeatmeten Tr\u00f6pfchen oder Aerosolen. Genau das ist aber der Sinn einer Mund-Nasenmaske, die in erster Linie dazu dient, <strong>andere<\/strong> zu sch\u00fctzen, indem das Verteilen <strong>eigener<\/strong> potentiell infekti\u00f6ser Tr\u00f6pfchen vermieden werden soll. Unter einem Visier bzw Face Shield verteilen sich die Tr\u00f6pfchen jedoch munter weiter. Ein Face Shield macht nur Sinn in Hochrisikoumgebungen, beispielsweise einer Intensivstation oder einer Fieberambulanz. Und dann auch nur zus\u00e4tzlich zu einer Schutzmaske.<\/p>\r\n\r\n\r\n\r\n\r\n\r\n\r\n\r\n<p>Deshalb sind solche Visiere als Ersatz f\u00fcr Mund-Nasenmasken nicht tauglich. Wir bitten deshalb um Verst\u00e4ndnis, wenn wir Ihnen keinen Zutritt zu unseren Praxisr\u00e4umen erlauben k\u00f6nnen, wenn Sie nur ein solches Visier ohne Maske tragen.<\/p>\r\n<p>Hier ein Beitrag des Bayerischen Rundfunks zum Thema:<\/p>\r\n<p><a href=\"https:\/\/www.br.de\/nachrichten\/deutschland-welt\/schutz-vor-dem-coronavirus-was-bringen-gesichtsvisiere,S0xRutG\">https:\/\/www.br.de\/nachrichten\/deutschland-welt\/schutz-vor-dem-coronavirus-was-bringen-gesichtsvisiere,S0xRutG<\/a><\/p>\r\n\r\n\r\n\r\n<p>&nbsp;<\/p>\r\n","protected":false},"excerpt":{"rendered":"<p>Ein Gesichtsvisier bzw. Face Shield dient ausschlie\u00dflich dazu, den Tr\u00e4ger vor Augeninfektionen durch wie auch immer geartete Tr\u00f6pfchen zu sch\u00fctzen. Er bietet aber keinen Schutz vor \u00fcber Mund oder Nase ein- oder ausgeatmeten Tr\u00f6pfchen oder Aerosolen. Genau das ist aber<\/p>\n","protected":false},"author":1,"featured_media":0,"comment_status":"closed","ping_status":"closed","sticky":false,"template":"","format":"standard","meta":{"footnotes":""},"categories":[1],"tags":[152,151,174,168,157,173],"class_list":["post-1264","post","type-post","status-publish","format-standard","hentry","category-allgemeines","tag-corona","tag-coronavirus","tag-faceshield","tag-maske","tag-sars-cov-2","tag-visier"],"_links":{"self":[{"href":"https:\/\/wp.internist-ab.de\/index.php?rest_route=\/wp\/v2\/posts\/1264","targetHints":{"allow":["GET"]}}],"collection":[{"href":"https:\/\/wp.internist-ab.de\/index.php?rest_route=\/wp\/v2\/posts"}],"about":[{"href":"https:\/\/wp.internist-ab.de\/index.php?rest_route=\/wp\/v2\/types\/post"}],"author":[{"embeddable":true,"href":"https:\/\/wp.internist-ab.de\/index.php?rest_route=\/wp\/v2\/users\/1"}],"replies":[{"embeddable":true,"href":"https:\/\/wp.internist-ab.de\/index.php?rest_route=%2Fwp%2Fv2%2Fcomments&post=1264"}],"version-history":[{"count":5,"href":"https:\/\/wp.internist-ab.de\/index.php?rest_route=\/wp\/v2\/posts\/1264\/revisions"}],"predecessor-version":[{"id":1275,"href":"https:\/\/wp.internist-ab.de\/index.php?rest_route=\/wp\/v2\/posts\/1264\/revisions\/1275"}],"wp:attachment":[{"href":"https:\/\/wp.internist-ab.de\/index.php?rest_route=%2Fwp%2Fv2%2Fmedia&parent=1264"}],"wp:term":[{"taxonomy":"category","embeddable":true,"href":"https:\/\/wp.internist-ab.de\/index.php?rest_route=%2Fwp%2Fv2%2Fcategories&post=1264"},{"taxonomy":"post_tag","embeddable":true,"href":"https:\/\/wp.internist-ab.de\/index.php?rest_route=%2Fwp%2Fv2%2Ftags&post=1264"}],"curies":[{"name":"wp","href":"https:\/\/api.w.org\/{rel}","templated":true}]}}