{"id":1250,"date":"2020-05-09T14:01:05","date_gmt":"2020-05-09T12:01:05","guid":{"rendered":"http:\/\/wp.internist-ab.de\/?p=1250"},"modified":"2020-05-09T14:01:05","modified_gmt":"2020-05-09T12:01:05","slug":"maskenpflicht-in-arztpraxen","status":"publish","type":"post","link":"https:\/\/wp.internist-ab.de\/?p=1250","title":{"rendered":"Maskenpflicht in Arztpraxen"},"content":{"rendered":"<h2>Maskenpflicht und Mindestabstand in Arztpraxen ab 11. Mai 2020<\/h2>\n<div class=\"news-single-timedata\">07.05.2020<\/div>\n<p>Das Staatsministerium f\u00fcr Gesundheit und Pflege hat die Vierte Infektionsschutzma\u00dfnahmenverordnung ver\u00f6ffentlicht.<\/p>\n<p>F\u00fcr Arzt- und Psychotherapeuten-Praxen sind insbesondere Regelungen zum Einhalten von Maskenpflicht und Mindestabstand zu beachten. \u00a7 12 der Verordnung regelt f\u00fcr die Praxen (inkl. Zahnarztpraxen sowie alle sonstigen Praxen, in denen medizinische, therapeutische und pflegerische Leistungen erbracht werden):<\/p>\n<ul>\n<li>Es ist sicherzustellen, dass grunds\u00e4tzlich ein Mindestabstand von 1,5 m zwischen den Patienten eingehalten werden kann.<\/li>\n<li>F\u00fcr das Praxispersonal, die Patienten und ggf. ihre Begleitpersonen gilt Maskenpflicht. Ausnahmen von der Tragepflicht sind gem\u00e4\u00df \u00a7 1 Absatz 2 der Verordnung f\u00fcr Kinder bis zum sechsten Geburtstag, aufgrund einer Behinderung oder aus gesundheitlichen Gr\u00fcnden sowie zu Identifikationszwecken oder zur Kommunikation mit Menschen mit H\u00f6rbehinderung vorgesehen.<\/li>\n<li>F\u00fcr die Patienten ist prinzipiell eine &#8222;Mund-Nasen-Bedeckung&#8220; (sog. Alltagsmaske wie z.B. im \u00d6PNV zu tragen) ausreichend. Eine chirurgische Maske ist nicht erforderlich. Der Patient muss f\u00fcr die Maske selbst sorgen.<\/li>\n<li>F\u00fcr Praxispersonal ist eine geeignete medizinische Maske zu empfehlen (OP-Maske bzw. bei Bedarf FFP2-Maske). Der Betreiber der Praxis hat sicherzustellen, dass sein Personal der Maskenpflicht nachkommt.<\/li>\n<li>Die Maskenpflicht entf\u00e4llt, soweit die &#8222;Art der Leistung&#8220; sie nicht zul\u00e4sst. Insofern sind \u00c4rzte und Psychotherapeuten dazu aufgerufen, f\u00fcr ihre Praxis zu pr\u00fcfen, inwieweit ihre spezifische \u00e4rztliche bzw. psychotherapeutische Behandlung das Tragen einer Maske durch den Patienten ausschlie\u00dft. In diesem Fall ist die Maskenpflicht nicht einzuhalten.<\/li>\n<\/ul>\n<p>Die Verordnung tritt am 11. Mai 2020 in Kraft und mit Ablauf des 17. Mai 2020 au\u00dfer Kraft (mit Verl\u00e4ngerung ist zu rechnen).<\/p>\n<p>&nbsp;<\/p>\n<p><span style=\"font-size: 8pt;\">Quelle: <a href=\"https:\/\/www.kvb.de\/inhalte-startseite\/newsdetail-fuer-aktuelles-meldungen\/news\/7\/5\/2020\/maskenpflicht-und-mindestabstand-in-arztpraxen-ab-11-mai-2020\/\">https:\/\/www.kvb.de\/inhalte-startseite\/newsdetail-fuer-aktuelles-meldungen\/news\/7\/5\/2020\/maskenpflicht-und-mindestabstand-in-arztpraxen-ab-11-mai-2020\/<\/a><\/span><\/p>\n","protected":false},"excerpt":{"rendered":"<p>Maskenpflicht und Mindestabstand in Arztpraxen ab 11. Mai 2020 07.05.2020 Das Staatsministerium f\u00fcr Gesundheit und Pflege hat die Vierte Infektionsschutzma\u00dfnahmenverordnung ver\u00f6ffentlicht. F\u00fcr Arzt- und Psychotherapeuten-Praxen sind insbesondere Regelungen zum Einhalten von Maskenpflicht und Mindestabstand zu beachten. \u00a7 12 der Verordnung<\/p>\n","protected":false},"author":1,"featured_media":0,"comment_status":"closed","ping_status":"closed","sticky":false,"template":"","format":"standard","meta":{"footnotes":""},"categories":[1],"tags":[],"class_list":["post-1250","post","type-post","status-publish","format-standard","hentry","category-allgemeines"],"_links":{"self":[{"href":"https:\/\/wp.internist-ab.de\/index.php?rest_route=\/wp\/v2\/posts\/1250","targetHints":{"allow":["GET"]}}],"collection":[{"href":"https:\/\/wp.internist-ab.de\/index.php?rest_route=\/wp\/v2\/posts"}],"about":[{"href":"https:\/\/wp.internist-ab.de\/index.php?rest_route=\/wp\/v2\/types\/post"}],"author":[{"embeddable":true,"href":"https:\/\/wp.internist-ab.de\/index.php?rest_route=\/wp\/v2\/users\/1"}],"replies":[{"embeddable":true,"href":"https:\/\/wp.internist-ab.de\/index.php?rest_route=%2Fwp%2Fv2%2Fcomments&post=1250"}],"version-history":[{"count":1,"href":"https:\/\/wp.internist-ab.de\/index.php?rest_route=\/wp\/v2\/posts\/1250\/revisions"}],"predecessor-version":[{"id":1251,"href":"https:\/\/wp.internist-ab.de\/index.php?rest_route=\/wp\/v2\/posts\/1250\/revisions\/1251"}],"wp:attachment":[{"href":"https:\/\/wp.internist-ab.de\/index.php?rest_route=%2Fwp%2Fv2%2Fmedia&parent=1250"}],"wp:term":[{"taxonomy":"category","embeddable":true,"href":"https:\/\/wp.internist-ab.de\/index.php?rest_route=%2Fwp%2Fv2%2Fcategories&post=1250"},{"taxonomy":"post_tag","embeddable":true,"href":"https:\/\/wp.internist-ab.de\/index.php?rest_route=%2Fwp%2Fv2%2Ftags&post=1250"}],"curies":[{"name":"wp","href":"https:\/\/api.w.org\/{rel}","templated":true}]}}