{"id":1244,"date":"2020-05-05T12:31:28","date_gmt":"2020-05-05T10:31:28","guid":{"rendered":"http:\/\/wp.internist-ab.de\/?p=1244"},"modified":"2020-06-07T23:42:48","modified_gmt":"2020-06-07T21:42:48","slug":"handschuhe-und-mundschutz","status":"publish","type":"post","link":"https:\/\/wp.internist-ab.de\/?p=1244","title":{"rendered":"Handschuhe und Mundschutz dauerhaft tragen? Nicht gut"},"content":{"rendered":"<p>Viele Menschen tragen derzeit dauerhaft Mundschutz und Handschuhe.\u00a0 Das ist beides nicht sinnvoll.<\/p>\n<p><strong>Thema Mundschutz<\/strong>: in Gesch\u00e4ften, \u00f6ffentlichen Verkehrsmitteln ist ein Mund-Nasen-Schutz vorgeschrieben, ebenso in den meisten Arztpraxen. Sinn ist es, die bei Ihrer eigenen Atmung entstehenden Tr\u00f6pfchenwolken an der Ausbreitung zu hindern und so das Ansteckungsrisiko f\u00fcr andere Menschen zu minimieren.<\/p>\n<p>Je feuchter der Mundschutz ist, desto schlechter ist die Wirkung, und je l\u00e4nger Sie den Mundschutz tragen, desto feuchter wird er, egal ob aus Stoff , Vlies oder Papier, egal ob MNS oder FFP-Maske. Deshalb sollte der Schutz <strong>nur dann<\/strong> getragen werden, wenn es tats\u00e4chlich Sinn macht. Auf der Stra\u00dfe, am Steuer im eigenen PKW oder auf dem Fahrrad ist das definitiv nicht sinnvoll und tr\u00e4gt lediglich zu der oben beschriebenen Verschlechterung der Wirkung bei.<\/p>\n<p><strong>Thema Handschuhe:<\/strong> Gummi-, Latex- oder\u00a0 sonstige Einmalhandschuhe sind ausschlie\u00dflich f\u00fcr Prozeduren gedacht, bei denen ein erh\u00f6htes Kontaminationsrisiko mit Schadstoffen, hygienisch problematischen Substanzen oder potentiell infekti\u00f6sen Stoffen besteht. Das betrifft in erster Linie medizinische und einige andere Berufe, aber keineswegs den Alltag. Die Handschuhe sind Einmalartikel, und das nicht ohne Grund. Das Material wird schnell por\u00f6s und undicht, unter dem Handschuh bildet sich rasch ein feuchtes Biotop, in dem sich alle m\u00f6glichen Keime rasend schnell vermehren. Sie wollen nicht wirklich wissen, was da alles auf Ihrer Haut unter dem Gummihandschuh kreucht und fleucht. Ohne gr\u00fcndliche Desinfektion vor und nach Anziehen der Handschuhe geht gar nichts, und w\u00e4hrend des Tragens richtet man eher Schaden an als Nutzen. Also lassen Sie es bitte bleiben.<\/p>\n<p>&nbsp;<\/p>\n","protected":false},"excerpt":{"rendered":"<p>Viele Menschen tragen derzeit dauerhaft Mundschutz und Handschuhe.\u00a0 Das ist beides nicht sinnvoll. Thema Mundschutz: in Gesch\u00e4ften, \u00f6ffentlichen Verkehrsmitteln ist ein Mund-Nasen-Schutz vorgeschrieben, ebenso in den meisten Arztpraxen. Sinn ist es, die bei Ihrer eigenen Atmung entstehenden Tr\u00f6pfchenwolken an der<\/p>\n","protected":false},"author":1,"featured_media":0,"comment_status":"closed","ping_status":"closed","sticky":false,"template":"","format":"standard","meta":{"footnotes":""},"categories":[1],"tags":[171,152,154,167,169,170,168,166,156,157,172],"class_list":["post-1244","post","type-post","status-publish","format-standard","hentry","category-allgemeines","tag-bakterien","tag-corona","tag-covid","tag-ffp","tag-handschuhe","tag-infektion","tag-maske","tag-mns","tag-sars","tag-sars-cov-2","tag-viren"],"_links":{"self":[{"href":"https:\/\/wp.internist-ab.de\/index.php?rest_route=\/wp\/v2\/posts\/1244","targetHints":{"allow":["GET"]}}],"collection":[{"href":"https:\/\/wp.internist-ab.de\/index.php?rest_route=\/wp\/v2\/posts"}],"about":[{"href":"https:\/\/wp.internist-ab.de\/index.php?rest_route=\/wp\/v2\/types\/post"}],"author":[{"embeddable":true,"href":"https:\/\/wp.internist-ab.de\/index.php?rest_route=\/wp\/v2\/users\/1"}],"replies":[{"embeddable":true,"href":"https:\/\/wp.internist-ab.de\/index.php?rest_route=%2Fwp%2Fv2%2Fcomments&post=1244"}],"version-history":[{"count":5,"href":"https:\/\/wp.internist-ab.de\/index.php?rest_route=\/wp\/v2\/posts\/1244\/revisions"}],"predecessor-version":[{"id":1280,"href":"https:\/\/wp.internist-ab.de\/index.php?rest_route=\/wp\/v2\/posts\/1244\/revisions\/1280"}],"wp:attachment":[{"href":"https:\/\/wp.internist-ab.de\/index.php?rest_route=%2Fwp%2Fv2%2Fmedia&parent=1244"}],"wp:term":[{"taxonomy":"category","embeddable":true,"href":"https:\/\/wp.internist-ab.de\/index.php?rest_route=%2Fwp%2Fv2%2Fcategories&post=1244"},{"taxonomy":"post_tag","embeddable":true,"href":"https:\/\/wp.internist-ab.de\/index.php?rest_route=%2Fwp%2Fv2%2Ftags&post=1244"}],"curies":[{"name":"wp","href":"https:\/\/api.w.org\/{rel}","templated":true}]}}