{"id":1208,"date":"2020-04-18T13:21:40","date_gmt":"2020-04-18T11:21:40","guid":{"rendered":"https:\/\/wp.internist-ab.de\/?p=1208"},"modified":"2020-04-18T20:36:10","modified_gmt":"2020-04-18T18:36:10","slug":"stufenweise-rueckkehr-zu-normalem-praxisbetrieb","status":"publish","type":"post","link":"https:\/\/wp.internist-ab.de\/?p=1208","title":{"rendered":"Stufenweise R\u00fcckkehr zu normalem Praxisbetrieb"},"content":{"rendered":"\n<p>Wir versuchen, ab kommender Woche langsam und stufenweise wieder einen normalen Praxisbetrieb aufzunehmen. Das geht nat\u00fcrlich nicht von heute auf morgen, aber zumindest schalten wir vom Notfallmodus auf einen etwas entspannteren Arbeitsmodus um, um nach und nach wieder normale Verh\u00e4ltnisse einkehren zu lassen.<\/p>\n\n\n\n<p>Ab 20. April 2020 existiert in Aschaffenburg &#8211; so wie auch in vielen anderen St\u00e4dten in Bayern &#8211; eine Fieberambulanz, die die normalen Praxen von erh\u00f6hten Infektrisiken durch m\u00f6gliche COVID-Patienten entlasten soll. <\/p>\n\n\n\n<p>Das bedeutet, dass wir zun\u00e4chst mit notwendigen Kontrolluntersuchungen von chronisch kranken Patienten beginnen werden, um nach und nach auch das Thema planbare Vorsorgeuntersuchungen wieder aufzunehmen. Voraussetzungen hierf\u00fcr sind nat\u00fcrlich entsprechendes Abstandhalten und eine Termintaktung, die zu enges Beieinander vermeidet. <\/p>\n\n\n\n<p><\/p>\n","protected":false},"excerpt":{"rendered":"<p>Wir versuchen, ab kommender Woche langsam und stufenweise wieder einen normalen Praxisbetrieb aufzunehmen. Das geht nat\u00fcrlich nicht von heute auf morgen, aber zumindest schalten wir vom Notfallmodus auf einen etwas entspannteren Arbeitsmodus um, um nach und nach wieder normale Verh\u00e4ltnisse<\/p>\n","protected":false},"author":1,"featured_media":0,"comment_status":"closed","ping_status":"closed","sticky":false,"template":"","format":"standard","meta":{"footnotes":""},"categories":[1],"tags":[],"class_list":["post-1208","post","type-post","status-publish","format-standard","hentry","category-allgemeines"],"_links":{"self":[{"href":"https:\/\/wp.internist-ab.de\/index.php?rest_route=\/wp\/v2\/posts\/1208","targetHints":{"allow":["GET"]}}],"collection":[{"href":"https:\/\/wp.internist-ab.de\/index.php?rest_route=\/wp\/v2\/posts"}],"about":[{"href":"https:\/\/wp.internist-ab.de\/index.php?rest_route=\/wp\/v2\/types\/post"}],"author":[{"embeddable":true,"href":"https:\/\/wp.internist-ab.de\/index.php?rest_route=\/wp\/v2\/users\/1"}],"replies":[{"embeddable":true,"href":"https:\/\/wp.internist-ab.de\/index.php?rest_route=%2Fwp%2Fv2%2Fcomments&post=1208"}],"version-history":[{"count":2,"href":"https:\/\/wp.internist-ab.de\/index.php?rest_route=\/wp\/v2\/posts\/1208\/revisions"}],"predecessor-version":[{"id":1212,"href":"https:\/\/wp.internist-ab.de\/index.php?rest_route=\/wp\/v2\/posts\/1208\/revisions\/1212"}],"wp:attachment":[{"href":"https:\/\/wp.internist-ab.de\/index.php?rest_route=%2Fwp%2Fv2%2Fmedia&parent=1208"}],"wp:term":[{"taxonomy":"category","embeddable":true,"href":"https:\/\/wp.internist-ab.de\/index.php?rest_route=%2Fwp%2Fv2%2Fcategories&post=1208"},{"taxonomy":"post_tag","embeddable":true,"href":"https:\/\/wp.internist-ab.de\/index.php?rest_route=%2Fwp%2Fv2%2Ftags&post=1208"}],"curies":[{"name":"wp","href":"https:\/\/api.w.org\/{rel}","templated":true}]}}