{"id":1178,"date":"2020-03-03T19:25:34","date_gmt":"2020-03-03T18:25:34","guid":{"rendered":"http:\/\/wp.internist-ab.de\/?p=1178"},"modified":"2020-03-03T19:31:11","modified_gmt":"2020-03-03T18:31:11","slug":"tests-auf-sars-cov-2-coronavirus","status":"publish","type":"post","link":"https:\/\/wp.internist-ab.de\/?p=1178","title":{"rendered":"Tests auf SARS-CoV-2 \/ Coronavirus"},"content":{"rendered":"<p>Tests zum Nachweis von SARS-CoV-2 zu Lasten der gesetzlichen Krankenversicherung sind nur bei konkreten Verdachtsf\u00e4llen zul\u00e4ssig. Hierbei sind die <strong><a href=\"https:\/\/www.rki.de\/DE\/Content\/InfAZ\/N\/Neuartiges_Coronavirus\/Differentialdiagnose.html\" target=\"_blank\" rel=\"noopener noreferrer\">Risikokriterien des RKI<\/a><\/strong> massgeblich. Tests &#8222;nur mal so&#8220; sind nicht m\u00f6glich und auch nicht sinnvoll.<\/p>\n<p><span style=\"text-decoration: underline;\"><strong>Wichtig<\/strong><\/span>:<strong><span style=\"color: #ff0000;\"> Entgegen den von offiziellen Stellen verbreiteten Informationen haben wir &#8211; ebensowenig wie die meisten anderen Arztpraxen &#8211; derzeit keine M\u00f6glichkeiten, Tests durchzuf\u00fchren.<\/span> <\/strong>Daf\u00fcr mangelt es uns an Personal, Material und vor allem an der vorgeschriebenen Schutzkleidung, die aktuell nirgends zu bekommen ist.<\/p>\n<p>Bei begr\u00fcndetem Verdacht ist\u00a0 der \u00f6ffentliche Gesundheitsdienst zust\u00e4ndig, der im Gegensatz zu den Praxen \u00fcber Personal, R\u00e4umlichkeiten und Schutzausr\u00fcstungen verf\u00fcgt. Die entsprechende Telefonnummer lautet <strong>116117<\/strong>.<\/p>\n<p>&nbsp;<\/p>\n","protected":false},"excerpt":{"rendered":"<p>Tests zum Nachweis von SARS-CoV-2 zu Lasten der gesetzlichen Krankenversicherung sind nur bei konkreten Verdachtsf\u00e4llen zul\u00e4ssig. Hierbei sind die Risikokriterien des RKI massgeblich. Tests &#8222;nur mal so&#8220; sind nicht m\u00f6glich und auch nicht sinnvoll. Wichtig: Entgegen den von offiziellen Stellen<\/p>\n","protected":false},"author":1,"featured_media":0,"comment_status":"closed","ping_status":"closed","sticky":false,"template":"","format":"standard","meta":{"footnotes":""},"categories":[1],"tags":[151,157,158],"class_list":["post-1178","post","type-post","status-publish","format-standard","hentry","category-allgemeines","tag-coronavirus","tag-sars-cov-2","tag-test"],"_links":{"self":[{"href":"https:\/\/wp.internist-ab.de\/index.php?rest_route=\/wp\/v2\/posts\/1178","targetHints":{"allow":["GET"]}}],"collection":[{"href":"https:\/\/wp.internist-ab.de\/index.php?rest_route=\/wp\/v2\/posts"}],"about":[{"href":"https:\/\/wp.internist-ab.de\/index.php?rest_route=\/wp\/v2\/types\/post"}],"author":[{"embeddable":true,"href":"https:\/\/wp.internist-ab.de\/index.php?rest_route=\/wp\/v2\/users\/1"}],"replies":[{"embeddable":true,"href":"https:\/\/wp.internist-ab.de\/index.php?rest_route=%2Fwp%2Fv2%2Fcomments&post=1178"}],"version-history":[{"count":4,"href":"https:\/\/wp.internist-ab.de\/index.php?rest_route=\/wp\/v2\/posts\/1178\/revisions"}],"predecessor-version":[{"id":1182,"href":"https:\/\/wp.internist-ab.de\/index.php?rest_route=\/wp\/v2\/posts\/1178\/revisions\/1182"}],"wp:attachment":[{"href":"https:\/\/wp.internist-ab.de\/index.php?rest_route=%2Fwp%2Fv2%2Fmedia&parent=1178"}],"wp:term":[{"taxonomy":"category","embeddable":true,"href":"https:\/\/wp.internist-ab.de\/index.php?rest_route=%2Fwp%2Fv2%2Fcategories&post=1178"},{"taxonomy":"post_tag","embeddable":true,"href":"https:\/\/wp.internist-ab.de\/index.php?rest_route=%2Fwp%2Fv2%2Ftags&post=1178"}],"curies":[{"name":"wp","href":"https:\/\/api.w.org\/{rel}","templated":true}]}}