{"id":1138,"date":"2019-12-17T07:23:31","date_gmt":"2019-12-17T06:23:31","guid":{"rendered":"https:\/\/wp.internist-ab.de\/?p=1138"},"modified":"2019-12-17T07:25:59","modified_gmt":"2019-12-17T06:25:59","slug":"die-bomben-ticken","status":"publish","type":"post","link":"https:\/\/wp.internist-ab.de\/?p=1138","title":{"rendered":"&#8222;Die Bomben ticken&#8220;"},"content":{"rendered":"\n<p>Wer immer noch der Meinung ist, dass wir bez\u00fcglich der Datenschutzrisiken der uns aufgezwungenen Telematikinfrastruktur zu sehr unken und schwarzmalen, sollte <strong><a rel=\"noreferrer noopener\" aria-label=\"diesen (\u00f6ffnet in neuem Tab)\" href=\"https:\/\/www.heise.de\/select\/ct\/2019\/26\/1576431959662172\" target=\"_blank\">diesen<\/a><\/strong> Artikel lesen. Die renommierte Computerzeitschrift <strong><a rel=\"noreferrer noopener\" aria-label=\"c't (\u00f6ffnet in neuem Tab)\" href=\"https:\/\/www.heise.de\/ct\/\" target=\"_blank\">c&#8217;t<\/a><\/strong> hat sich in der Ausgabe 26\/2019 sehr deutlich ge\u00e4u\u00dfert, welche Probleme und Risiken mit der Zwangsvernetzung verkn\u00fcpft sind.<\/p>\n\n\n\n<p><a href=\"https:\/\/www.heise.de\/select\/ct\/2019\/26\/1576431959662172\">https:\/\/www.heise.de\/select\/ct\/2019\/26\/1576431959662172<\/a><\/p>\n\n\n\n<p><\/p>\n\n\n\n<p><\/p>\n","protected":false},"excerpt":{"rendered":"<p>Wer immer noch der Meinung ist, dass wir bez\u00fcglich der Datenschutzrisiken der uns aufgezwungenen Telematikinfrastruktur zu sehr unken und schwarzmalen, sollte diesen Artikel lesen. Die renommierte Computerzeitschrift c&#8217;t hat sich in der Ausgabe 26\/2019 sehr deutlich ge\u00e4u\u00dfert, welche Probleme und<\/p>\n","protected":false},"author":1,"featured_media":0,"comment_status":"closed","ping_status":"closed","sticky":false,"template":"","format":"standard","meta":{"footnotes":""},"categories":[1],"tags":[],"class_list":["post-1138","post","type-post","status-publish","format-standard","hentry","category-allgemeines"],"_links":{"self":[{"href":"https:\/\/wp.internist-ab.de\/index.php?rest_route=\/wp\/v2\/posts\/1138","targetHints":{"allow":["GET"]}}],"collection":[{"href":"https:\/\/wp.internist-ab.de\/index.php?rest_route=\/wp\/v2\/posts"}],"about":[{"href":"https:\/\/wp.internist-ab.de\/index.php?rest_route=\/wp\/v2\/types\/post"}],"author":[{"embeddable":true,"href":"https:\/\/wp.internist-ab.de\/index.php?rest_route=\/wp\/v2\/users\/1"}],"replies":[{"embeddable":true,"href":"https:\/\/wp.internist-ab.de\/index.php?rest_route=%2Fwp%2Fv2%2Fcomments&post=1138"}],"version-history":[{"count":2,"href":"https:\/\/wp.internist-ab.de\/index.php?rest_route=\/wp\/v2\/posts\/1138\/revisions"}],"predecessor-version":[{"id":1140,"href":"https:\/\/wp.internist-ab.de\/index.php?rest_route=\/wp\/v2\/posts\/1138\/revisions\/1140"}],"wp:attachment":[{"href":"https:\/\/wp.internist-ab.de\/index.php?rest_route=%2Fwp%2Fv2%2Fmedia&parent=1138"}],"wp:term":[{"taxonomy":"category","embeddable":true,"href":"https:\/\/wp.internist-ab.de\/index.php?rest_route=%2Fwp%2Fv2%2Fcategories&post=1138"},{"taxonomy":"post_tag","embeddable":true,"href":"https:\/\/wp.internist-ab.de\/index.php?rest_route=%2Fwp%2Fv2%2Ftags&post=1138"}],"curies":[{"name":"wp","href":"https:\/\/api.w.org\/{rel}","templated":true}]}}