{"id":1125,"date":"2019-11-03T10:32:25","date_gmt":"2019-11-03T09:32:25","guid":{"rendered":"https:\/\/wp.internist-ab.de\/?p=1125"},"modified":"2019-11-13T17:48:31","modified_gmt":"2019-11-13T16:48:31","slug":"der-bundesgesundheitsminister-will-die-aerztliche-schweigepflicht-aushoehlen-das-darf-nicht-passieren","status":"publish","type":"post","link":"https:\/\/wp.internist-ab.de\/?p=1125","title":{"rendered":"Der Bundesgesundheitsminister will die \u00e4rztliche Schweigepflicht aush\u00f6hlen &#8211; das darf nicht passieren"},"content":{"rendered":"<p>Wir informieren ja schon <em><a href=\"https:\/\/wp.internist-ab.de\/?p=1034\" target=\"_blank\" rel=\"noopener noreferrer\">des l\u00e4ngeren<\/a><\/em> \u00fcber die Risiken der brachial durchgesetzten Zwangsdigitalisierung in der Medizin.<\/p>\n<p>In den n\u00e4chsten Tagen soll der Bundestag \u00fcber weitere gesetzliche Grun dlagen abstimmen, die drastische Ver\u00e4nderungen f\u00fcr alle Menschen im Land bedeuten.<\/p>\n<p>Hier gibt es mehr Informationen zum Thema:<\/p>\n<p><em><a href=\"https:\/\/heise.de\/-4573692\" target=\"_blank\" rel=\"noopener noreferrer\">Warnung vor &#8222;zentraler Massenspeicherung&#8220; sensibler Gesundheitsdaten | heise online<\/a><\/em><\/p>\n<p><em><a href=\"https:\/\/heise.de\/-4223472\" target=\"_blank\" rel=\"noopener noreferrer\">Wer braucht die zentrale Patientendatei? | heise online<\/a><\/em><\/p>\n","protected":false},"excerpt":{"rendered":"<p>Wir informieren ja schon des l\u00e4ngeren \u00fcber die Risiken der brachial durchgesetzten Zwangsdigitalisierung in der Medizin. In den n\u00e4chsten Tagen soll der Bundestag \u00fcber weitere gesetzliche Grun dlagen abstimmen, die drastische Ver\u00e4nderungen f\u00fcr alle Menschen im Land bedeuten. Hier gibt<\/p>\n","protected":false},"author":1,"featured_media":0,"comment_status":"closed","ping_status":"closed","sticky":false,"template":"","format":"standard","meta":{"footnotes":""},"categories":[1],"tags":[],"class_list":["post-1125","post","type-post","status-publish","format-standard","hentry","category-allgemeines"],"_links":{"self":[{"href":"https:\/\/wp.internist-ab.de\/index.php?rest_route=\/wp\/v2\/posts\/1125","targetHints":{"allow":["GET"]}}],"collection":[{"href":"https:\/\/wp.internist-ab.de\/index.php?rest_route=\/wp\/v2\/posts"}],"about":[{"href":"https:\/\/wp.internist-ab.de\/index.php?rest_route=\/wp\/v2\/types\/post"}],"author":[{"embeddable":true,"href":"https:\/\/wp.internist-ab.de\/index.php?rest_route=\/wp\/v2\/users\/1"}],"replies":[{"embeddable":true,"href":"https:\/\/wp.internist-ab.de\/index.php?rest_route=%2Fwp%2Fv2%2Fcomments&post=1125"}],"version-history":[{"count":7,"href":"https:\/\/wp.internist-ab.de\/index.php?rest_route=\/wp\/v2\/posts\/1125\/revisions"}],"predecessor-version":[{"id":1136,"href":"https:\/\/wp.internist-ab.de\/index.php?rest_route=\/wp\/v2\/posts\/1125\/revisions\/1136"}],"wp:attachment":[{"href":"https:\/\/wp.internist-ab.de\/index.php?rest_route=%2Fwp%2Fv2%2Fmedia&parent=1125"}],"wp:term":[{"taxonomy":"category","embeddable":true,"href":"https:\/\/wp.internist-ab.de\/index.php?rest_route=%2Fwp%2Fv2%2Fcategories&post=1125"},{"taxonomy":"post_tag","embeddable":true,"href":"https:\/\/wp.internist-ab.de\/index.php?rest_route=%2Fwp%2Fv2%2Ftags&post=1125"}],"curies":[{"name":"wp","href":"https:\/\/api.w.org\/{rel}","templated":true}]}}