{"id":1107,"date":"2019-10-03T12:11:02","date_gmt":"2019-10-03T10:11:02","guid":{"rendered":"https:\/\/wp.internist-ab.de\/?p=1107"},"modified":"2019-11-13T17:51:17","modified_gmt":"2019-11-13T16:51:17","slug":"gesundheitsdaten-in-gefahr","status":"publish","type":"post","link":"https:\/\/wp.internist-ab.de\/?p=1107","title":{"rendered":"Gesundheitsdaten in Gefahr"},"content":{"rendered":"<p>Die vom Bundesgesundheitsminister mit massivem Zwang vorangetriebene Pflichtvernetzung aller Arztpraxen, Kliniken und sonstiger Gesundheitsdienstleister bewirkt eine riesige Datencloud, in der Ihre ganz pers\u00f6nlichen und intimsten Gesundheitsdaten bei profitorientierten <em><a href=\"https:\/\/wp.internist-ab.de\/?p=866\" target=\"_blank\" rel=\"noopener noreferrer\">Firmen<\/a><\/em> landen.<\/p>\n<p>2021 soll die Elektronische Patientenakte verpflichtend f\u00fcr alle eingef\u00fchrt werden. Was da derzeit als digitaler Fortschritt angepriesen wird, ist nichts anderes als ein F\u00f6rderprogramm f\u00fcr einige wenige IT-Firmen, mit katastrophalen Folgen f\u00fcr jeden von uns.<\/p>\n<p>Gesundheitsdaten geh\u00f6ren nicht ins Internet. Der Preis daf\u00fcr ist zu hoch. <em><a href=\"https:\/\/m.faz.net\/aktuell\/wirtschaft\/diginomics\/schadsoftware-legt-berliner-kammergericht-lahm-16413935.html\" target=\"_blank\" rel=\"noopener noreferrer\">Wer glaubt, da\u00df Clouddaten sicher sind<\/a>,<\/em> glaubt auch an den Weihnachtsmann. Oder er l\u00fcgt bewu\u00dft.<\/p>\n<p>Wenn Sie nicht wollen, da\u00df \u00fcber kurz oder lang jedes Versicherungsunternehmen, jede Werbeagentur, jede Beh\u00f6rde und jeder Arbeitgeber restlos alles \u00fcber Ihre aktuellen und fr\u00fcheren Erkrankungen, Ihren Lebensstil, Ihre Rauch- und Trinkgewohnheiten gegen Bezahlung erfahren kann, dann wehren Sie sich bitte.<\/p>\n<p><em><a href=\"https:\/\/www.gesundheitsdaten-in-gefahr.de\/\" target=\"_blank\" rel=\"noopener noreferrer\">Hier<\/a>, <a href=\"https:\/\/wp.internist-ab.de\/?p=1034\" target=\"_blank\" rel=\"noopener noreferrer\">hier<\/a><\/em> und<em><a href=\"https:\/\/wp.internist-ab.de\/?p=1024\" target=\"_blank\" rel=\"noopener noreferrer\">hier<\/a><\/em> erfahren Sie mehr dar\u00fcber.<\/p>\n","protected":false},"excerpt":{"rendered":"<p>Die vom Bundesgesundheitsminister mit massivem Zwang vorangetriebene Pflichtvernetzung aller Arztpraxen, Kliniken und sonstiger Gesundheitsdienstleister bewirkt eine riesige Datencloud, in der Ihre ganz pers\u00f6nlichen und intimsten Gesundheitsdaten bei profitorientierten Firmen landen. 2021 soll die Elektronische Patientenakte verpflichtend f\u00fcr alle eingef\u00fchrt werden.<\/p>\n","protected":false},"author":1,"featured_media":0,"comment_status":"closed","ping_status":"closed","sticky":false,"template":"","format":"standard","meta":{"footnotes":""},"categories":[1],"tags":[],"class_list":["post-1107","post","type-post","status-publish","format-standard","hentry","category-allgemeines"],"_links":{"self":[{"href":"https:\/\/wp.internist-ab.de\/index.php?rest_route=\/wp\/v2\/posts\/1107","targetHints":{"allow":["GET"]}}],"collection":[{"href":"https:\/\/wp.internist-ab.de\/index.php?rest_route=\/wp\/v2\/posts"}],"about":[{"href":"https:\/\/wp.internist-ab.de\/index.php?rest_route=\/wp\/v2\/types\/post"}],"author":[{"embeddable":true,"href":"https:\/\/wp.internist-ab.de\/index.php?rest_route=\/wp\/v2\/users\/1"}],"replies":[{"embeddable":true,"href":"https:\/\/wp.internist-ab.de\/index.php?rest_route=%2Fwp%2Fv2%2Fcomments&post=1107"}],"version-history":[{"count":6,"href":"https:\/\/wp.internist-ab.de\/index.php?rest_route=\/wp\/v2\/posts\/1107\/revisions"}],"predecessor-version":[{"id":1137,"href":"https:\/\/wp.internist-ab.de\/index.php?rest_route=\/wp\/v2\/posts\/1107\/revisions\/1137"}],"wp:attachment":[{"href":"https:\/\/wp.internist-ab.de\/index.php?rest_route=%2Fwp%2Fv2%2Fmedia&parent=1107"}],"wp:term":[{"taxonomy":"category","embeddable":true,"href":"https:\/\/wp.internist-ab.de\/index.php?rest_route=%2Fwp%2Fv2%2Fcategories&post=1107"},{"taxonomy":"post_tag","embeddable":true,"href":"https:\/\/wp.internist-ab.de\/index.php?rest_route=%2Fwp%2Fv2%2Ftags&post=1107"}],"curies":[{"name":"wp","href":"https:\/\/api.w.org\/{rel}","templated":true}]}}