{"id":1024,"date":"2019-01-01T20:03:10","date_gmt":"2019-01-01T19:03:10","guid":{"rendered":"http:\/\/wp.internist-ab.de\/?p=1024"},"modified":"2023-11-12T19:58:47","modified_gmt":"2023-11-12T18:58:47","slug":"2019-ihre-gesundheitsdaten-angriffe-auf-die-schweigepflicht-datenschutz-und-mehr","status":"publish","type":"post","link":"https:\/\/wp.internist-ab.de\/?p=1024","title":{"rendered":"2019: Ihre Gesundheitsdaten, Angriffe auf die Schweigepflicht, Datenschutz und mehr"},"content":{"rendered":"\r\n<p><span style=\"color: #000000;\">Wir haben ja schon die eine oder andere Anmerkung zum Thema kommender Angriffe auf die Schweigepflicht gemacht, aber dieses Jahr wird es leider ernst. F\u00fcr Sie und f\u00fcr uns.<\/span><\/p>\r\n<p><span style=\"color: #000000;\">\r\n\r\n<\/span><\/p>\r\n<p><span style=\"color: #000000;\">Alle \u00c4rzte unterliegen der Schweigepflicht. Absolut und ohne wenn und aber. Das ist eines der grundlegenden Prinzipien der Arzt-Patienten-Beziehung. Alles, was Sie Ihrer \u00c4rztin oder Ihrem Arzt berichten, geht niemand anderen etwas an. Es gibt aber<span style=\"color: #333399;\"><strong> <a style=\"color: #333399;\" href=\"https:\/\/www.welt.de\/wirtschaft\/article186013534\/Dorothee-Baer-will-Datenschutz-fuer-Patienten-lockern.html\" target=\"_blank\" rel=\"noreferrer noopener\" aria-label=\"Leute, die das \u00e4ndern wollen (\u00f6ffnet in neuem Tab)\">Leute, die das \u00e4ndern wollen<\/a><\/strong><\/span>, und das k\u00f6nnen wir in keinem Fall guthei\u00dfen.<\/span><\/p>\r\n<p><span style=\"color: #000000;\">\r\n\r\n<\/span><\/p>\r\n<p><span style=\"color: #000000;\">Gesundheitsdaten sind langlebig. Sie begleiten Sie Ihr Leben lang, Und nicht nur Sie, sondern auch Ihre Kinder und Enkel, denn viele Krankheiten haben eine famili\u00e4re Komponente. Und wenn solche Daten in der \u00d6ffentlichkeit landen, haben wir alle ein ernsthaftes Problem.<\/span><\/p>\r\n<p><span style=\"color: #000000;\">\r\n\r\n<\/span><\/p>\r\n<p><span style=\"color: #000000;\">Die vom Gesetzgeber und der Industrie forciert geforderte und den \u00c4rzten jetzt zwangsweise aufgedr\u00fcckte elektronische Patientenakte bedeutet nichts anderes, als da\u00df hochsensible Gesundheitsdaten im Internet in einer Datencloud, also irgendwo im Internet abgespeichert werden. Und wenn sie noch so sicher sein sollen: die Wahrscheinlichkeit, da\u00df elektronisch im Netz gespeicherte Gesundheitsdaten unsicher sind und in unbefugte H\u00e4nde gelangen, liegt derzeit bei 5% pro Jahr. Das bedeutet, da\u00df in 5 Jahren rein rechnerisch die Wahrscheinlichkeit bei \u00fcber 20 % liegt, in 50 Jahren bei \u00fcber 90 %. Und da ist die Weiterentwicklung der Computertechnik wie Quantenrechner etc. noch nicht mit einkalkuliert. Einen Zwanzig- oder Drei\u00dfigj\u00e4hrigen betrifft das also genauso wie einen Siebzigj\u00e4hrigen. Wenn Sie jetzt noch die zunehmende laborchemische Analyse von Genomdaten hinzunehmen, die bereits heute mehr und mehr zum Standard wird, k\u00f6nnen Sie absehen, da\u00df diese Daten das Leben Ihrer Kinder und Kindeskinder massiv beeintr\u00e4chtigen werden. Und machen Sie sich bitte auch bewusst, dass Ihre Gesundheitsdaten eine Menge Geld wert sind \u2013 f\u00fcr Versicherungen, Pharma- und Werbeindustrie.<\/span><\/p>\r\n<p><span style=\"color: #000000;\">\r\n\r\n<\/span><\/p>\r\n<p><span style=\"color: #000000;\">Die Telematikinfrastruktur, die elektronische Patientenakte und Gesundheitsapps wie Vivy &amp; Co gehen genau in diese Richtung. Wehren Sie sich bitte gegen diese Entwicklung, fragen Sie Ihre Bundes- und Landtagsabgeordneten &#8230; und fragen Sie bitte <strong>genau<\/strong> nach.<\/span><\/p>\r\n<p><span style=\"color: #000000;\">\r\n\r\n<\/span><\/p>\r\n<p><span style=\"color: #000000;\">Wer mehr zum Thema erfahren m\u00f6chte, sollte sich unbedingt<strong> <a style=\"color: #000000;\" href=\"https:\/\/media.ccc.de\/v\/35c3-9992-all_your_gesundheitsakten_are_belong_to_us\" target=\"_blank\" rel=\"noreferrer noopener\" aria-label=\" (\u00f6ffnet in neuem Tab)\"><span style=\"color: #333399;\">diesen Vortrag hier<\/span><\/a><\/strong> anschauen. Dauert etwa eine Stunde, ist aber absolut lohnenswert.<\/span><\/p>\r\n<p>&nbsp;<\/p>\r\n<p>&nbsp;<\/p>\r\n","protected":false},"excerpt":{"rendered":"<p>Wir haben ja schon die eine oder andere Anmerkung zum Thema kommender Angriffe auf die Schweigepflicht gemacht, aber dieses Jahr wird es leider ernst. F\u00fcr Sie und f\u00fcr uns. Alle \u00c4rzte unterliegen der Schweigepflicht. Absolut und ohne wenn und aber.<\/p>\n","protected":false},"author":1,"featured_media":0,"comment_status":"closed","ping_status":"closed","sticky":false,"template":"","format":"standard","meta":{"footnotes":""},"categories":[1],"tags":[96,133,139,17,137],"class_list":["post-1024","post","type-post","status-publish","format-standard","hentry","category-allgemeines","tag-datenschutz","tag-gesundheitsdaten","tag-schweigepflicht","tag-telematik","tag-telematikinfrastruktur"],"_links":{"self":[{"href":"https:\/\/wp.internist-ab.de\/index.php?rest_route=\/wp\/v2\/posts\/1024","targetHints":{"allow":["GET"]}}],"collection":[{"href":"https:\/\/wp.internist-ab.de\/index.php?rest_route=\/wp\/v2\/posts"}],"about":[{"href":"https:\/\/wp.internist-ab.de\/index.php?rest_route=\/wp\/v2\/types\/post"}],"author":[{"embeddable":true,"href":"https:\/\/wp.internist-ab.de\/index.php?rest_route=\/wp\/v2\/users\/1"}],"replies":[{"embeddable":true,"href":"https:\/\/wp.internist-ab.de\/index.php?rest_route=%2Fwp%2Fv2%2Fcomments&post=1024"}],"version-history":[{"count":9,"href":"https:\/\/wp.internist-ab.de\/index.php?rest_route=\/wp\/v2\/posts\/1024\/revisions"}],"predecessor-version":[{"id":1849,"href":"https:\/\/wp.internist-ab.de\/index.php?rest_route=\/wp\/v2\/posts\/1024\/revisions\/1849"}],"wp:attachment":[{"href":"https:\/\/wp.internist-ab.de\/index.php?rest_route=%2Fwp%2Fv2%2Fmedia&parent=1024"}],"wp:term":[{"taxonomy":"category","embeddable":true,"href":"https:\/\/wp.internist-ab.de\/index.php?rest_route=%2Fwp%2Fv2%2Fcategories&post=1024"},{"taxonomy":"post_tag","embeddable":true,"href":"https:\/\/wp.internist-ab.de\/index.php?rest_route=%2Fwp%2Fv2%2Ftags&post=1024"}],"curies":[{"name":"wp","href":"https:\/\/api.w.org\/{rel}","templated":true}]}}